{"id":984,"date":"2012-09-22T10:46:00","date_gmt":"2012-09-22T08:46:00","guid":{"rendered":"http:\/\/dkis.si\/?p=984"},"modified":"2023-08-30T01:00:02","modified_gmt":"2023-08-29T23:00:02","slug":"miraz-osobno-naslijede-i-izvojevane-bitke","status":"publish","type":"post","link":"https:\/\/dkis.si\/sr\/miraz-osobno-naslijede-i-izvojevane-bitke\/","title":{"rendered":"Miraz \u2013 osobno naslije\u0111e i izvojevane bitke"},"content":{"rendered":"<p><img loading=\"lazy\" decoding=\"async\" src=\"http:\/\/www.dkis.si\/images\/stories\/mediji\/miraz-%20ateist.jpg\" alt=\"miraz\" width=\"300\" height=\"158\" border=\"0\" \/><\/p>\n<p><em>U Zagreb iz Sarajeva dolazi putuju\u0107a izlo\u017eba MIRAZ, koja na slojevit i inovativan na\u010din propituje jedan od najintrigantnijih koncepata patrijarhalne tradicije. Otvara se u Galeriji Nova u utorak u 19 sati.<\/em><\/p>\n<p>Miraz idejno proizlazi iz uvjerenja da \u017eena koja stupa u brak vrijedi manje od mu\u0161karca za kojega se udaje, pa tu razliku u vrijednostima njezina obitelj mora nadomjestiti davanjem materijalnoga i nov\u010danog blaga, istovremeno time odobrovoljavaju\u0107i \u017eenika i zahvaljuju\u0107i mu \u0161to je pristao \u201cuzeti\u201d manjkavo bi\u0107e.<\/p>\n<p>Ova izlo\u017eba, koju toplo preporu\u010damo (i nemojte je propustiti jer \u0107e biti na snazi tek dva tjedna, do 27. listopada), pojam miraza koristi u \u0161irem zna\u010denju: on simboli\u010dno ozna\u010dava odnos osobnog naslije\u0111a, onoga \u0161to se nosi to jest iznosi iz \u201eku\u0107e\u201c i onoga \u0161to se sti\u010de i oblikuje kao pro\u017eivljeno \u017eivotno iskustvo ili kao vlastiti odabir ljudskih, dru\u0161tvenih, historijskih i\/ili specifi\u010dno \u017eenskih vrijednosti.<\/p>\n<p>\u2013 U polju vizualne umjetnosti izlo\u017eba MIRAZ otvara prostor za samoindentifikaciju i za dru\u0161tveno odgovoran, anga\u017eiran politi\u010dki diskurs, najavljuju organizatorice.<\/p>\n<p>Izlo\u017eba MIRAZ dio je projekta <em>\u017densko naslije\u0111e \u2013 doprinos ravnopravnosti u kulturi<\/em> \u010diji je nositelj <strong>Centar za \u017eenske studije<\/strong> iz Zagreba, a partnerske organizacije <strong>\u017dene u crnom<\/strong> iz Beograda, <strong>Srpski kulturni centar Danilo Ki\u0161<\/strong> iz Ljubljane, <strong>Casa Internazionale delle donne<\/strong> iz Trsta i <strong>Centar za savremenu umjetnost<\/strong>, Sarajevo (SCCA).<\/p>\n<p>Izla\u017eu: <strong>Alma Suljevi\u0107, Danica Daki\u0107, Darinka Pop-Miti\u0107 , Dejan Habicht, Gordana An\u0111eli\u0107 Gali\u0107, Kristina Leko, Maja Bajevi\u0107, Marjetica Potr\u010d, Milica Tomi\u0107, Renata Poljak, Sanja Ivekovi\u0107, \u0160ejla Kameri\u0107, \u0161kart, Tanja La\u017eeti\u0107. <\/strong>Kustosica je<strong> Dunja Bla\u017eevi\u0107<\/strong>.<\/p>\n<p>Izlo\u017eba je dosad pokazana u Ljubljani, Trstu i Beogradu, a format izlo\u017ebe se oblikuje i prilago\u0111ava mjestu i kontekstu, te njenom putuju\u0107em, mobilnom karakteru. Izlo\u017eeni tiskani radovi ponu\u0111eni su posjetiteljima.<\/p>\n<p align=\"right\"><strong>Maja Hrgovi\u0107<\/strong><\/p>\n<p><strong>Ateist.hr<\/strong><\/p>\n<p>&nbsp;<\/p>\n","protected":false},"excerpt":{"rendered":"<p>U Zagreb iz Sarajeva dolazi putuju\u0107a izlo\u017eba MIRAZ, koja na slojevit i inovativan na\u010din propituje jedan od najintrigantnijih koncepata patrijarhalne tradicije. Otvara se u Galeriji Nova u utorak u 19 sati. <\/p>\n","protected":false},"author":2,"featured_media":992,"comment_status":"closed","ping_status":"closed","sticky":false,"template":"","format":"standard","meta":{"_editorskit_title_hidden":false,"_editorskit_reading_time":0,"_editorskit_is_block_options_detached":false,"_editorskit_block_options_position":"{}","footnotes":""},"categories":[11],"tags":[],"class_list":["post-984","post","type-post","status-publish","format-standard","has-post-thumbnail","hentry","category-media-about-us"],"translation":{"provider":"WPGlobus","version":"3.0.2","language":"sr","enabled_languages":["sl","sr","en"],"languages":{"sl":{"title":true,"content":true,"excerpt":false},"sr":{"title":true,"content":true,"excerpt":true},"en":{"title":true,"content":true,"excerpt":false}}},"_links":{"self":[{"href":"https:\/\/dkis.si\/sr\/wp-json\/wp\/v2\/posts\/984","targetHints":{"allow":["GET"]}}],"collection":[{"href":"https:\/\/dkis.si\/sr\/wp-json\/wp\/v2\/posts"}],"about":[{"href":"https:\/\/dkis.si\/sr\/wp-json\/wp\/v2\/types\/post"}],"author":[{"embeddable":true,"href":"https:\/\/dkis.si\/sr\/wp-json\/wp\/v2\/users\/2"}],"replies":[{"embeddable":true,"href":"https:\/\/dkis.si\/sr\/wp-json\/wp\/v2\/comments?post=984"}],"version-history":[{"count":2,"href":"https:\/\/dkis.si\/sr\/wp-json\/wp\/v2\/posts\/984\/revisions"}],"predecessor-version":[{"id":11182,"href":"https:\/\/dkis.si\/sr\/wp-json\/wp\/v2\/posts\/984\/revisions\/11182"}],"wp:featuredmedia":[{"embeddable":true,"href":"https:\/\/dkis.si\/sr\/wp-json\/wp\/v2\/media\/992"}],"wp:attachment":[{"href":"https:\/\/dkis.si\/sr\/wp-json\/wp\/v2\/media?parent=984"}],"wp:term":[{"taxonomy":"category","embeddable":true,"href":"https:\/\/dkis.si\/sr\/wp-json\/wp\/v2\/categories?post=984"},{"taxonomy":"post_tag","embeddable":true,"href":"https:\/\/dkis.si\/sr\/wp-json\/wp\/v2\/tags?post=984"}],"curies":[{"name":"wp","href":"https:\/\/api.w.org\/{rel}","templated":true}]}}