{"id":903,"date":"2015-05-14T09:26:24","date_gmt":"2015-05-14T09:26:24","guid":{"rendered":"http:\/\/dkis.si\/?p=903"},"modified":"2023-05-18T12:00:52","modified_gmt":"2023-05-18T12:00:52","slug":"danilo-kis-spomini-spominjanje","status":"publish","type":"post","link":"https:\/\/dkis.si\/sr\/danilo-kis-spomini-spominjanje\/","title":{"rendered":"Danilo Ki\u0161: Uspomene, se\u0107anja"},"content":{"rendered":"<p>14.9.2010.,\u00a0Kiberpipa, Kersnikova 6, Ljubljana<\/p>\n<figure id=\"attachment_635\" aria-describedby=\"caption-attachment-635\" style=\"width: 300px\" class=\"wp-caption aligncenter\"><a href=\"http:\/\/dkis.si\/wp-content\/uploads\/2015\/04\/1.jpg\"><img loading=\"lazy\" decoding=\"async\" class=\"wp-image-635\" src=\"http:\/\/dkis.si\/wp-content\/uploads\/2015\/04\/1.jpg\" alt=\"1\" width=\"300\" height=\"387\" \/><\/a><figcaption id=\"caption-attachment-635\" class=\"wp-caption-text\">Foto: Iz arhive SKCDK<\/figcaption><\/figure>\n<p style=\"text-align: center;\"><em>Projekcija filma Dragomira Zupanca<\/em><\/p>\n<h4 style=\"text-align: center;\"><strong>Danilo Ki\u0161: Uspomene, se\u0107anja<\/strong><\/h4>\n<p>U TV filmu &#8222;Danilo Ki\u0161 &#8211; uspomene i se\u0107anja&#8220; o Ki\u0161u se iz sada\u0161nje vremenske perspektive i novog ugla sagledava \u017eivot i ostav\u0161tina za srpsku, evropsku i svetsku knji\u017eevnost jednog od najzna\u010dajnijih stvaralaca druge polovine dvadesetoga veka.<\/p>\n<p>Osnovu filma \u010dine iskazi prijatelja, savremenika, poznavalaca njegovih dela raznih generacija, pisaca sa kojima se Ki\u0161 susretao prilikom boravka u Francuskoj, na putovanjima i knji\u017eevnim manifestacijama, izdava\u010da i prevodilaca.<\/p>\n<p>Iskazima i odlomcima iz intervjua sa piscem, sa\u010duvanim u Programskom arhivu RTS-a, osvetljava se ovaj izuzetni lik koji je uticao na mnoge kulture i bezbroj stvaralaca \u2013 i na svakoga sa osetljivo\u0161\u0107u za umetnost i humanost.<\/p>\n<p>Po projekciji filma, razgovor sa autorom je vodila prof. dr Svetlana Slap\u0161ak.<\/p>\n<p>&nbsp;<\/p>\n<div id='gallery-1' class='gallery galleryid-903 gallery-columns-2 gallery-size-thumbnail'><figure class='gallery-item'>\n\t\t\t<div class='gallery-icon portrait'>\n\t\t\t\t<a href='https:\/\/dkis.si\/sr\/foto-2-3\/'><img loading=\"lazy\" decoding=\"async\" width=\"150\" height=\"150\" src=\"https:\/\/dkis.si\/wp-content\/uploads\/2015\/05\/foto-22-150x150.jpg\" class=\"attachment-thumbnail size-thumbnail\" alt=\"\" \/><\/a>\n\t\t\t<\/div><\/figure><figure class='gallery-item'>\n\t\t\t<div class='gallery-icon portrait'>\n\t\t\t\t<a href='https:\/\/dkis.si\/sr\/foto-3-3\/'><img loading=\"lazy\" decoding=\"async\" width=\"150\" height=\"150\" src=\"https:\/\/dkis.si\/wp-content\/uploads\/2015\/05\/foto-32-150x150.jpg\" class=\"attachment-thumbnail size-thumbnail\" alt=\"\" \/><\/a>\n\t\t\t<\/div><\/figure><figure class='gallery-item'>\n\t\t\t<div class='gallery-icon landscape'>\n\t\t\t\t<a href='https:\/\/dkis.si\/sr\/foto-4-3\/'><img loading=\"lazy\" decoding=\"async\" width=\"150\" height=\"150\" src=\"https:\/\/dkis.si\/wp-content\/uploads\/2015\/05\/foto-42-150x150.jpg\" class=\"attachment-thumbnail size-thumbnail\" alt=\"\" \/><\/a>\n\t\t\t<\/div><\/figure>\n\t\t<\/div>\n\n","protected":false},"excerpt":{"rendered":"<p>14.9.2010., Kiberpipa, Kersnikova 6, Ljubljana<\/p>\n<p>Projekcija filma Dragomira Zupanca<\/p>\n<p>Danilo Ki\u0161: Uspomene, se\u0107anja<\/p>\n","protected":false},"author":2,"featured_media":635,"comment_status":"closed","ping_status":"closed","sticky":false,"template":"","format":"standard","meta":{"_editorskit_title_hidden":false,"_editorskit_reading_time":0,"_editorskit_is_block_options_detached":false,"_editorskit_block_options_position":"{}","footnotes":""},"categories":[210,219],"tags":[],"class_list":["post-903","post","type-post","status-publish","format-standard","has-post-thumbnail","hentry","category-events","category-hostings-events"],"translation":{"provider":"WPGlobus","version":"3.0.2","language":"sr","enabled_languages":["sl","sr","en"],"languages":{"sl":{"title":true,"content":true,"excerpt":true},"sr":{"title":true,"content":true,"excerpt":true},"en":{"title":true,"content":true,"excerpt":true}}},"_links":{"self":[{"href":"https:\/\/dkis.si\/sr\/wp-json\/wp\/v2\/posts\/903","targetHints":{"allow":["GET"]}}],"collection":[{"href":"https:\/\/dkis.si\/sr\/wp-json\/wp\/v2\/posts"}],"about":[{"href":"https:\/\/dkis.si\/sr\/wp-json\/wp\/v2\/types\/post"}],"author":[{"embeddable":true,"href":"https:\/\/dkis.si\/sr\/wp-json\/wp\/v2\/users\/2"}],"replies":[{"embeddable":true,"href":"https:\/\/dkis.si\/sr\/wp-json\/wp\/v2\/comments?post=903"}],"version-history":[{"count":1,"href":"https:\/\/dkis.si\/sr\/wp-json\/wp\/v2\/posts\/903\/revisions"}],"predecessor-version":[{"id":10299,"href":"https:\/\/dkis.si\/sr\/wp-json\/wp\/v2\/posts\/903\/revisions\/10299"}],"wp:featuredmedia":[{"embeddable":true,"href":"https:\/\/dkis.si\/sr\/wp-json\/"}],"wp:attachment":[{"href":"https:\/\/dkis.si\/sr\/wp-json\/wp\/v2\/media?parent=903"}],"wp:term":[{"taxonomy":"category","embeddable":true,"href":"https:\/\/dkis.si\/sr\/wp-json\/wp\/v2\/categories?post=903"},{"taxonomy":"post_tag","embeddable":true,"href":"https:\/\/dkis.si\/sr\/wp-json\/wp\/v2\/tags?post=903"}],"curies":[{"name":"wp","href":"https:\/\/api.w.org\/{rel}","templated":true}]}}