{"id":849,"date":"2012-02-22T08:54:00","date_gmt":"2012-02-22T07:54:00","guid":{"rendered":"http:\/\/dkis.si\/?p=849"},"modified":"2023-08-30T03:40:43","modified_gmt":"2023-08-30T01:40:43","slug":"tretja-obletnica-skc-danilo-kis","status":"publish","type":"post","link":"https:\/\/dkis.si\/sr\/tretja-obletnica-skc-danilo-kis\/","title":{"rendered":"Druga godi\u0161njica SKC &#8222;Danilo Ki\u0161&#8220;"},"content":{"rendered":"<p>22.2.2012., ISH, Knafljev prehod 11, Ljubljana<\/p>\n<h5><strong>Sa\u0161a \u0106iri\u0107 i Sa\u0161a Ili\u0107<\/strong><\/h5>\n<h4><strong>Pobuna pameti &#8211; nova srpska kriti\u010dka misao i knji\u017eevnost<\/strong><\/h4>\n<figure id=\"attachment_622\" aria-describedby=\"caption-attachment-622\" style=\"width: 605px\" class=\"wp-caption aligncenter\"><a href=\"http:\/\/dkis.si\/wp-content\/uploads\/2015\/04\/DSCN0671.jpg\"><img loading=\"lazy\" decoding=\"async\" class=\"wp-image-622 size-large\" src=\"http:\/\/dkis.si\/wp-content\/uploads\/2015\/04\/DSCN0671-1024x768.jpg\" alt=\"DSCN0671\" width=\"605\" height=\"454\" \/><\/a><figcaption id=\"caption-attachment-622\" class=\"wp-caption-text\">Foto: Iz arhive SKCDK<\/figcaption><\/figure>\n<p>Na ro\u0111endan Danila Ki\u0161a, 22. februara, Srpski kulturni centar &#8222;Danilo Ki\u0161&#8220; iz Ljubljane ve\u0107 tre\u0107i put organizuje doga\u0111aj na kojem prikazujemo nove, izazovne, smele i stvarala\u010dke pojave sa podru\u010dja, geografskih i kulturnih, u kojima je stvarao Danilo Ki\u0161. Ove godine smo pozvali Sa\u0161u \u0106iri\u0107a i Sa\u0161u Ili\u0107a, knji\u017eevnike, kriti\u010dare, kulturne radnike, koji su izdali, svaki posebno i obojica zajedno, impresivan broj knjiga, publikacija, periodike i e-izdanja. Izmedju ostalog, autori su Betona, podlistka dnevnika Danas i samostalnog e-izdanja, u kojem ve\u0107 godinama ismevaju, kritikuju i parodiraju proizvodnju nacionalizma u Srbiji. Sa\u0161a Ili\u0107 je autor dva visoko ocenjena romana, Berlinsko okno (2005.) i Pad Kolumbije (2010.). Sa\u0161a \u0106iri\u0107 je 2011. sa saradnicima i z Srbije i Kosova jedan od autora uporednih antologija novije srpske i albanske knji\u017eevnosti u dve knjige, Iz Pri\u0161tine s ljubavlju, i Nga Beogradi, me dashuri: u uvodu za prvu knjigu, on i Jeton Neziraj potpisuju zajedni\u010dki tekst &#8222;Prepiska izdajnika&#8220;. Sa\u0161a i Sa\u0161a su voditelji me\u0111unarodnog projekta Criticize this! koji obnavlja skoro izgubljeni \u017eanr knji\u017eevne i umetni\u010dke kritike.<\/p>\n<p>Sa\u0161a \u0106iri\u0107 i Sa\u0161a Ili\u0107 su predstavili svoj rad i razgovarali sa red. prof. Svetlanom Slap\u0161ak, kao i sa publikom.<\/p>\n<p>&nbsp;<\/p>\n<div id='gallery-1' class='gallery galleryid-849 gallery-columns-3 gallery-size-thumbnail'><figure class='gallery-item'>\n\t\t\t<div class='gallery-icon landscape'>\n\t\t\t\t<a href='https:\/\/dkis.si\/sr\/dscn0653\/'><img loading=\"lazy\" decoding=\"async\" width=\"150\" height=\"150\" src=\"https:\/\/dkis.si\/wp-content\/uploads\/2015\/05\/DSCN0653-150x150.jpg\" class=\"attachment-thumbnail size-thumbnail\" alt=\"\" \/><\/a>\n\t\t\t<\/div><\/figure><figure class='gallery-item'>\n\t\t\t<div class='gallery-icon landscape'>\n\t\t\t\t<a href='https:\/\/dkis.si\/sr\/dscn0655\/'><img loading=\"lazy\" decoding=\"async\" width=\"150\" height=\"150\" src=\"https:\/\/dkis.si\/wp-content\/uploads\/2015\/05\/DSCN0655-150x150.jpg\" class=\"attachment-thumbnail size-thumbnail\" alt=\"\" \/><\/a>\n\t\t\t<\/div><\/figure><figure class='gallery-item'>\n\t\t\t<div class='gallery-icon landscape'>\n\t\t\t\t<a href='https:\/\/dkis.si\/sr\/dscn0656\/'><img loading=\"lazy\" decoding=\"async\" width=\"150\" height=\"150\" src=\"https:\/\/dkis.si\/wp-content\/uploads\/2015\/05\/DSCN0656-150x150.jpg\" class=\"attachment-thumbnail size-thumbnail\" alt=\"\" \/><\/a>\n\t\t\t<\/div><\/figure><figure class='gallery-item'>\n\t\t\t<div class='gallery-icon landscape'>\n\t\t\t\t<a href='https:\/\/dkis.si\/sr\/dscn0657\/'><img loading=\"lazy\" decoding=\"async\" width=\"150\" height=\"150\" src=\"https:\/\/dkis.si\/wp-content\/uploads\/2015\/05\/DSCN0657-150x150.jpg\" class=\"attachment-thumbnail size-thumbnail\" alt=\"\" \/><\/a>\n\t\t\t<\/div><\/figure><figure class='gallery-item'>\n\t\t\t<div class='gallery-icon portrait'>\n\t\t\t\t<a href='https:\/\/dkis.si\/sr\/dscn0658\/'><img loading=\"lazy\" decoding=\"async\" width=\"150\" height=\"150\" src=\"https:\/\/dkis.si\/wp-content\/uploads\/2015\/05\/DSCN0658-150x150.jpg\" class=\"attachment-thumbnail size-thumbnail\" alt=\"\" \/><\/a>\n\t\t\t<\/div><\/figure><figure class='gallery-item'>\n\t\t\t<div class='gallery-icon landscape'>\n\t\t\t\t<a href='https:\/\/dkis.si\/sr\/dscn0660\/'><img loading=\"lazy\" decoding=\"async\" width=\"150\" height=\"150\" src=\"https:\/\/dkis.si\/wp-content\/uploads\/2015\/05\/DSCN0660-150x150.jpg\" class=\"attachment-thumbnail size-thumbnail\" alt=\"\" \/><\/a>\n\t\t\t<\/div><\/figure><figure class='gallery-item'>\n\t\t\t<div class='gallery-icon portrait'>\n\t\t\t\t<a href='https:\/\/dkis.si\/sr\/dscn0664\/'><img loading=\"lazy\" decoding=\"async\" width=\"150\" height=\"150\" src=\"https:\/\/dkis.si\/wp-content\/uploads\/2015\/05\/DSCN0664-150x150.jpg\" class=\"attachment-thumbnail size-thumbnail\" alt=\"\" \/><\/a>\n\t\t\t<\/div><\/figure><figure class='gallery-item'>\n\t\t\t<div class='gallery-icon portrait'>\n\t\t\t\t<a href='https:\/\/dkis.si\/sr\/dscn0666\/'><img loading=\"lazy\" decoding=\"async\" width=\"150\" height=\"150\" src=\"https:\/\/dkis.si\/wp-content\/uploads\/2015\/05\/DSCN0666-150x150.jpg\" class=\"attachment-thumbnail size-thumbnail\" alt=\"\" \/><\/a>\n\t\t\t<\/div><\/figure><figure class='gallery-item'>\n\t\t\t<div class='gallery-icon landscape'>\n\t\t\t\t<a href='https:\/\/dkis.si\/sr\/dsc00324\/'><img loading=\"lazy\" decoding=\"async\" width=\"150\" height=\"150\" src=\"https:\/\/dkis.si\/wp-content\/uploads\/2015\/05\/DSC00324-150x150.jpg\" class=\"attachment-thumbnail size-thumbnail\" alt=\"\" \/><\/a>\n\t\t\t<\/div><\/figure><figure class='gallery-item'>\n\t\t\t<div class='gallery-icon landscape'>\n\t\t\t\t<a href='https:\/\/dkis.si\/sr\/dsc00332\/'><img loading=\"lazy\" decoding=\"async\" width=\"150\" height=\"150\" src=\"https:\/\/dkis.si\/wp-content\/uploads\/2015\/05\/DSC00332-150x150.jpg\" class=\"attachment-thumbnail size-thumbnail\" alt=\"\" \/><\/a>\n\t\t\t<\/div><\/figure>\n\t\t<\/div>\n\n","protected":false},"excerpt":{"rendered":"<p>22.2.2012., ISH, Knafljev prehod 11, Ljubljana<\/p>\n<p>Sa\u0161a \u0106iri\u0107 i Sa\u0161a Ili\u0107<\/p>\n<p>Pobuna pameti &#8211; nova srpska kriti\u010dka misao i knji\u017eevnost <\/p>\n","protected":false},"author":2,"featured_media":9069,"comment_status":"closed","ping_status":"closed","sticky":false,"template":"","format":"standard","meta":{"_editorskit_title_hidden":false,"_editorskit_reading_time":0,"_editorskit_is_block_options_detached":false,"_editorskit_block_options_position":"{}","footnotes":""},"categories":[210,218],"tags":[],"class_list":["post-849","post","type-post","status-publish","format-standard","has-post-thumbnail","hentry","category-events","category-anniversaries-events"],"translation":{"provider":"WPGlobus","version":"3.0.2","language":"sr","enabled_languages":["sl","sr","en"],"languages":{"sl":{"title":true,"content":true,"excerpt":true},"sr":{"title":true,"content":true,"excerpt":true},"en":{"title":true,"content":true,"excerpt":true}}},"_links":{"self":[{"href":"https:\/\/dkis.si\/sr\/wp-json\/wp\/v2\/posts\/849","targetHints":{"allow":["GET"]}}],"collection":[{"href":"https:\/\/dkis.si\/sr\/wp-json\/wp\/v2\/posts"}],"about":[{"href":"https:\/\/dkis.si\/sr\/wp-json\/wp\/v2\/types\/post"}],"author":[{"embeddable":true,"href":"https:\/\/dkis.si\/sr\/wp-json\/wp\/v2\/users\/2"}],"replies":[{"embeddable":true,"href":"https:\/\/dkis.si\/sr\/wp-json\/wp\/v2\/comments?post=849"}],"version-history":[{"count":2,"href":"https:\/\/dkis.si\/sr\/wp-json\/wp\/v2\/posts\/849\/revisions"}],"predecessor-version":[{"id":11214,"href":"https:\/\/dkis.si\/sr\/wp-json\/wp\/v2\/posts\/849\/revisions\/11214"}],"wp:featuredmedia":[{"embeddable":true,"href":"https:\/\/dkis.si\/sr\/wp-json\/wp\/v2\/media\/9069"}],"wp:attachment":[{"href":"https:\/\/dkis.si\/sr\/wp-json\/wp\/v2\/media?parent=849"}],"wp:term":[{"taxonomy":"category","embeddable":true,"href":"https:\/\/dkis.si\/sr\/wp-json\/wp\/v2\/categories?post=849"},{"taxonomy":"post_tag","embeddable":true,"href":"https:\/\/dkis.si\/sr\/wp-json\/wp\/v2\/tags?post=849"}],"curies":[{"name":"wp","href":"https:\/\/api.w.org\/{rel}","templated":true}]}}