{"id":8231,"date":"2019-06-21T11:37:20","date_gmt":"2019-06-21T11:37:20","guid":{"rendered":"https:\/\/dkis.si\/?p=8231"},"modified":"2023-05-18T11:57:02","modified_gmt":"2023-05-18T11:57:02","slug":"otvoreno-pismo-skupstini-grada-subotice","status":"publish","type":"post","link":"https:\/\/dkis.si\/sr\/otvoreno-pismo-skupstini-grada-subotice\/","title":{"rendered":"OTVORENO PISMO SKUP\u0160TINI GRADA SUBOTICE"},"content":{"rendered":"\n<figure class=\"wp-block-image\"><img decoding=\"async\" src=\"https:\/\/dkis.si\/wp-content\/uploads\/2019\/06\/2019-02-23-o-danilu-ki\u0161u-97705.jpg\" alt=\"\" class=\"wp-image-8232\"\/><\/figure>\n\n\n\n<p><br>Na 23. sednici Skup\u0161tine grada Subotice, odr\u017eanoj 18. juna ove godine,  odbornici su jednoglasno doneli odluku o dodeli zvanja Po\u010dasni gra\u0111anin  piscu <strong>Danilu Ki\u0161u<\/strong>. Kako je u odluci nagla\u0161eno, ovo zvanje Ki\u0161u je dodeljeno \u201eza trajno i istaknuto \u017eivotno delo kojim se doprinosi  podizanje ugleda Grada Subotice u zemlji i inostranstvu\u201c, a ono se \u2013 u ovom slu\u010daju \u2013 dodeljuje posthumno. Komisija za dodelu zvanja i  priznanja formalno je uputila ovaj predlog Skup\u0161tini grada Subotice i  to, kako zakon nala\u017ee, nakon dobijene saglasnosti od Ministarstva  dr\u017eavne uprave i lokalne samouprave.<\/p>\n\n\n\n<p>Me\u0111utim, iz obrazlo\u017eenja ove odluke saznajemo da je njen predlaga\u010d Bogdan Laban, gradona\u010delnik.<\/p>\n\n\n\n<p>Mi, dolepotpisani, smatramo da je neprimereno i neprihvatljivo  dono\u0161enje ove odluke na predlog gradona\u010delnika Labana, koji svojim  delovanjem nije pokazao da razume i prihvata niti umetni\u010dke niti moralne  kvalitete Ki\u0161ovog knji\u017eevnog dela. Naprotiv, sada\u0161nja suboti\u010dka skup\u0161tinska ve\u0107ina sprovodi ne samo kulturnu, nego i sve druge javne politike koje ni po \u010demu nisu bliske osnovnim Ki\u0161ovim svetonazorima.<\/p>\n\n\n\n<p>Zbog toga verujemo da je odluka da se Danilo Ki\u0161 proglasi po\u010dasnim  gra\u0111aninom Subotice poku\u0161aj da se njegovo ime i rad zloupotrebe radi  prikupljanja politi\u010dkih poena vladaju\u0107im strankama, koje ne zastupaju  ni\u0161ta od vrednosti prema kojima je \u017eiveo i stvarao Ki\u0161. Pranje  biografija, li\u010dnih i strana\u010dkih, duboko je neeti\u010dki \u010din koji vre\u0111a delo na\u0161eg velikog pisca.<\/p>\n\n\n\n<p>Zato se pridru\u017eujemo gospo\u0111i Mirjani  Mio\u010dinovi\u0107, nosiocu autorskih i intelektualnih prava na celokupno Ki\u0161ovo delo, u njenom zahtevu da se ova odluka poni\u0161ti. Taj zahtev prenosimo u celosti i on \u010dini sastavni deo ovog otvorenog pisma:<\/p>\n\n\n\n<p><br> \u201eGospodinu Bogdanu Labanu, gradona\u010delniku Subotice<br> Beograd, 19. jun 2019.<\/p>\n\n\n\n<p><br>Gospodine Gradona\u010delni\u010de,<\/p>\n\n\n\n<p><br>Kao testamentarna i sudska naslednica i za\u0161titnica autorskih prava i svega ostalog \u0161to se odnosi na delo i li\u010dnost Danila Ki\u0161a (na osonovu re\u0161enja Drugog op\u0161tinskog suda u Beogradu br. 0-864\/ od 14. 9. 1990)  zahtevam od Vas i Skup\u0161tine grada Subotice da se bespogovorno povu\u010de odluka donesena 18. o.m. kojom se Danilu Ki\u0161u posthumno dodeljuje zvanje po\u010dasnog gra\u0111anina tog grada. Moj je zahtev motivisan razlozima moralne, umetni\u010dke i ideolo\u0161ke prirode. Smatram, s pozicija sopstvenih uverenja, da Vi, gospodine Gradona\u010delni\u010de i Va\u0161 skup\u0161tinski sastav ne zadovoljavate nijedan kriterij na kojem se zasniva pravo odlu\u010divanja o  stvarima koje su plod dara i \u010destitosti. Vi ste, u svojoj ukupnosti, nepomirljiva suprotnost svega \u0161to predstavlja Danilo Ki\u0161 svojim delom i svojim \u017eivotom. Stoga su Va\u0161i motivi ne\u010dasni i cilj im je zloupotreba imena Danila Ki\u0161a za najprizemnije ciljeve jedne politi\u010dke partije, \u010diji ste Vi \u010dlan, partije koja je svojim destruktivnim delovanjem, uz ostalo, nanela ogromnu \u0161tetu kulturi. Ukoliko moj zahtev ne bude uva\u017een,  obrati\u0107u se Sudu sa zahtevom da spre\u010di da se Va\u0161om odlukom naru\u0161i ugled  jednog velikog pisca i omalova\u017ee moja zakonska prava.<br><\/p>\n\n\n\n<p>Mirjana Mio\u010dinovi\u0107<br>P.S. Kako je e-mail komunikacija pravno i sudski validna, ovo svoje pismo \u0161aljem na taj na\u010din.\u201c<br><\/p>\n\n\n\n<p>Potpisnici otvorenog pisma:<br>(potpise podr\u0161ke poslati na: <strong>mia.davidzaric@gmail.com<\/strong> ili <strong>nelatonkovic@gmail.com<\/strong>)<\/p>\n","protected":false},"excerpt":{"rendered":"<p>Otvoreno pismo podr\u0161ke Mirjani Mio\u010dinovi\u0107.<\/p>\n","protected":false},"author":2,"featured_media":8232,"comment_status":"closed","ping_status":"closed","sticky":false,"template":"","format":"standard","meta":{"_editorskit_title_hidden":false,"_editorskit_reading_time":0,"_editorskit_is_block_options_detached":false,"_editorskit_block_options_position":"{}","footnotes":""},"categories":[58],"tags":[],"class_list":["post-8231","post","type-post","status-publish","format-standard","has-post-thumbnail","hentry","category-news"],"translation":{"provider":"WPGlobus","version":"3.0.2","language":"sr","enabled_languages":["sl","sr","en"],"languages":{"sl":{"title":true,"content":true,"excerpt":true},"sr":{"title":true,"content":true,"excerpt":true},"en":{"title":false,"content":true,"excerpt":false}}},"_links":{"self":[{"href":"https:\/\/dkis.si\/sr\/wp-json\/wp\/v2\/posts\/8231","targetHints":{"allow":["GET"]}}],"collection":[{"href":"https:\/\/dkis.si\/sr\/wp-json\/wp\/v2\/posts"}],"about":[{"href":"https:\/\/dkis.si\/sr\/wp-json\/wp\/v2\/types\/post"}],"author":[{"embeddable":true,"href":"https:\/\/dkis.si\/sr\/wp-json\/wp\/v2\/users\/2"}],"replies":[{"embeddable":true,"href":"https:\/\/dkis.si\/sr\/wp-json\/wp\/v2\/comments?post=8231"}],"version-history":[{"count":1,"href":"https:\/\/dkis.si\/sr\/wp-json\/wp\/v2\/posts\/8231\/revisions"}],"predecessor-version":[{"id":10366,"href":"https:\/\/dkis.si\/sr\/wp-json\/wp\/v2\/posts\/8231\/revisions\/10366"}],"wp:featuredmedia":[{"embeddable":true,"href":"https:\/\/dkis.si\/sr\/wp-json\/wp\/v2\/media\/8232"}],"wp:attachment":[{"href":"https:\/\/dkis.si\/sr\/wp-json\/wp\/v2\/media?parent=8231"}],"wp:term":[{"taxonomy":"category","embeddable":true,"href":"https:\/\/dkis.si\/sr\/wp-json\/wp\/v2\/categories?post=8231"},{"taxonomy":"post_tag","embeddable":true,"href":"https:\/\/dkis.si\/sr\/wp-json\/wp\/v2\/tags?post=8231"}],"curies":[{"name":"wp","href":"https:\/\/api.w.org\/{rel}","templated":true}]}}