{"id":5606,"date":"2016-04-20T13:49:28","date_gmt":"2016-04-20T13:49:28","guid":{"rendered":"http:\/\/dkis.si\/?p=5606"},"modified":"2023-05-18T11:58:41","modified_gmt":"2023-05-18T11:58:41","slug":"migracije-i-izbeglistvo","status":"publish","type":"post","link":"https:\/\/dkis.si\/sr\/migracije-i-izbeglistvo\/","title":{"rendered":"Migracije i izbegli\u0161tvo"},"content":{"rendered":"<figure id=\"attachment_3248\" aria-describedby=\"caption-attachment-3248\" style=\"width: 800px\" class=\"wp-caption aligncenter\"><a href=\"http:\/\/dkis.si\/wp-content\/uploads\/2015\/10\/12096012_1047262365307928_1223433921533267977_n.jpg\" rel=\"attachment wp-att-3248\"><img loading=\"lazy\" decoding=\"async\" class=\"wp-image-3248 size-full\" src=\"http:\/\/dkis.si\/wp-content\/uploads\/2015\/10\/12096012_1047262365307928_1223433921533267977_n.jpg\" alt=\"12096012_1047262365307928_1223433921533267977_n\" width=\"800\" height=\"527\" srcset=\"https:\/\/dkis.si\/wp-content\/uploads\/2015\/10\/12096012_1047262365307928_1223433921533267977_n.jpg 800w, https:\/\/dkis.si\/wp-content\/uploads\/2015\/10\/12096012_1047262365307928_1223433921533267977_n-300x198.jpg 300w, https:\/\/dkis.si\/wp-content\/uploads\/2015\/10\/12096012_1047262365307928_1223433921533267977_n-768x506.jpg 768w, https:\/\/dkis.si\/wp-content\/uploads\/2015\/10\/12096012_1047262365307928_1223433921533267977_n-447x294.jpg 447w, https:\/\/dkis.si\/wp-content\/uploads\/2015\/10\/12096012_1047262365307928_1223433921533267977_n-176x116.jpg 176w\" sizes=\"auto, (max-width: 800px) 100vw, 800px\" \/><\/a><figcaption id=\"caption-attachment-3248\" class=\"wp-caption-text\">EPA\/Igor Kupljenik<\/figcaption><\/figure>\n<p>U okviru seminara prof. dr Milice Anti\u0107 Gaber na Filozofskom fakultetu u Ljubljani, nastavljamo sa radionicama o migracijama i izbegli\u0161tvu u organizaciji Srpskog kulturnog centra Danilo Ki\u0161, u okviru projekta &#8222;Obrazovno- medijska kampanja za toleranciju i razli\u010ditost, protiv predrasuda i diskriminacije etni\u010dkih manjina i migrantata&#8220;. U \u010detvrtak, 19. maja, od 14h do 16h bi\u0107e odr\u017eana druga radionica na kojoj \u0107emo razgovarati sa studentima i studentkinjama o migracijama i gde \u0107e studenti predstaviti svoje radove na ovu temu. Izabrani studentski tekstovi o migracijama bi\u0107e objavljeni na portalu <a href=\"http:\/\/dkis.si\/\">www.dkis.si<\/a> i u radio emisiji <a href=\"http:\/\/radiostudent.si\/dru%C5%BEba\/kontrola-leta\">Kontrola leta na Radiju \u0160tuden<\/a>t.<\/p>\n<p>Na prvoj radionici, odr\u017eanoj 20. aprila, posle uvodnog predavanja prof. dr Milice Anti\u0107 Gaber o migracijama, svoj rad na terenu neposredno sa izbeglicama i migrantima predstavila je Maja Ladi\u010d, istra\u017eiva\u010dica Mirovnog instituta, a dr Biljana \u017diki\u0107 je predstavila projekat i pozvala studente i studentkinje na kreiranje sopstvenih originalnih priloga o migracijama i izbegli\u0161tvu<\/p>\n<p>Projekat sufinansira Kancelarija Vlade RS za komuniciranje u okviru nastojanja za po\u0161tovanje i prihvatanje pripadnika razli\u010ditih etni\u010dkih grupa, izbeglica i migranata.<\/p>\n<p><a href=\"http:\/\/dkis.si\/wp-content\/uploads\/2016\/04\/Urad-vlade-RS-za-komuniciranje___100dpi.jpg\" rel=\"attachment wp-att-5608\"><img loading=\"lazy\" decoding=\"async\" class=\"alignnone size-medium wp-image-5608\" src=\"http:\/\/dkis.si\/wp-content\/uploads\/2016\/04\/Urad-vlade-RS-za-komuniciranje___100dpi-300x96.jpg\" alt=\"Urad vlade RS za komuniciranje___100dpi\" width=\"300\" height=\"96\" \/><\/a><\/p>\n<p><a href=\"http:\/\/dkis.si\/wp-content\/uploads\/2016\/04\/banner_pomoc_beguncem.jpg\" rel=\"attachment wp-att-5609\"><img loading=\"lazy\" decoding=\"async\" class=\"alignnone size-full wp-image-5609\" src=\"http:\/\/dkis.si\/wp-content\/uploads\/2016\/04\/banner_pomoc_beguncem.jpg\" alt=\"banner_pomoc_beguncem\" width=\"223\" height=\"105\" \/><\/a><\/p>\n","protected":false},"excerpt":{"rendered":"<p>Radionica na Filozofskom fakultetu u Ljubljani u okviru obrazovno- medijske kampanje za toleranciju i razli\u010ditost, protiv predrasuda i diskriminacije etni\u010dkih manjina i migrantata.<\/p>\n","protected":false},"author":2,"featured_media":3248,"comment_status":"closed","ping_status":"closed","sticky":false,"template":"","format":"standard","meta":{"_editorskit_title_hidden":false,"_editorskit_reading_time":0,"_editorskit_is_block_options_detached":false,"_editorskit_block_options_position":"{}","footnotes":""},"categories":[211,58,65],"tags":[],"class_list":["post-5606","post","type-post","status-publish","format-standard","has-post-thumbnail","hentry","category-migration","category-news","category-journal"],"translation":{"provider":"WPGlobus","version":"3.0.2","language":"sr","enabled_languages":["sl","sr","en"],"languages":{"sl":{"title":true,"content":true,"excerpt":true},"sr":{"title":true,"content":true,"excerpt":true},"en":{"title":true,"content":true,"excerpt":false}}},"_links":{"self":[{"href":"https:\/\/dkis.si\/sr\/wp-json\/wp\/v2\/posts\/5606","targetHints":{"allow":["GET"]}}],"collection":[{"href":"https:\/\/dkis.si\/sr\/wp-json\/wp\/v2\/posts"}],"about":[{"href":"https:\/\/dkis.si\/sr\/wp-json\/wp\/v2\/types\/post"}],"author":[{"embeddable":true,"href":"https:\/\/dkis.si\/sr\/wp-json\/wp\/v2\/users\/2"}],"replies":[{"embeddable":true,"href":"https:\/\/dkis.si\/sr\/wp-json\/wp\/v2\/comments?post=5606"}],"version-history":[{"count":1,"href":"https:\/\/dkis.si\/sr\/wp-json\/wp\/v2\/posts\/5606\/revisions"}],"predecessor-version":[{"id":10158,"href":"https:\/\/dkis.si\/sr\/wp-json\/wp\/v2\/posts\/5606\/revisions\/10158"}],"wp:featuredmedia":[{"embeddable":true,"href":"https:\/\/dkis.si\/sr\/wp-json\/wp\/v2\/media\/3248"}],"wp:attachment":[{"href":"https:\/\/dkis.si\/sr\/wp-json\/wp\/v2\/media?parent=5606"}],"wp:term":[{"taxonomy":"category","embeddable":true,"href":"https:\/\/dkis.si\/sr\/wp-json\/wp\/v2\/categories?post=5606"},{"taxonomy":"post_tag","embeddable":true,"href":"https:\/\/dkis.si\/sr\/wp-json\/wp\/v2\/tags?post=5606"}],"curies":[{"name":"wp","href":"https:\/\/api.w.org\/{rel}","templated":true}]}}