{"id":5581,"date":"2016-04-07T13:38:19","date_gmt":"2016-04-07T13:38:19","guid":{"rendered":"http:\/\/dkis.si\/?p=5581"},"modified":"2023-05-18T11:58:41","modified_gmt":"2023-05-18T11:58:41","slug":"novinari-regije-uz-ivicu-dikica","status":"publish","type":"post","link":"https:\/\/dkis.si\/sr\/novinari-regije-uz-ivicu-dikica\/","title":{"rendered":"Novinari regije uz Ivicu \u0110iki\u0107a"},"content":{"rendered":"<div class=\"mainArticle\">\n<article>\n<div class=\"articleContent\">\n<figure id=\"attachment_5582\" aria-describedby=\"caption-attachment-5582\" style=\"width: 605px\" class=\"wp-caption aligncenter\"><a href=\"http:\/\/dkis.si\/wp-content\/uploads\/2016\/04\/ivica-djiki\u0107.jpg\" rel=\"attachment wp-att-5582\"><img loading=\"lazy\" decoding=\"async\" class=\"wp-image-5582 size-large\" src=\"http:\/\/dkis.si\/wp-content\/uploads\/2016\/04\/ivica-djiki\u0107-1024x640.jpg\" alt=\"ivica djiki\u0107\" width=\"605\" height=\"378\" \/><\/a><figcaption id=\"caption-attachment-5582\" class=\"wp-caption-text\">www.portalnovosti.com<\/figcaption><\/figure>\n<p>Pi\u0161e: R.I. &#8216;Novosti&#8217;<\/p>\n<p><a href=\"http:\/\/www.portalnovosti.com\/novinari-regije-uz-ivicu-djikia\" target=\"_blank\" rel=\"noopener\">www.portalnovosti.com<\/a><\/p>\n<p>Novinarska mre\u017ea, neformalna asocijacija novinara i novinarki s podru\u010dja biv\u0161e Jugoslavije, uputila je zahtjev hrvatskim i bosanskohercegova\u010dkim vlastima da pod hitno otkriju tko stoji iza prijetnji upu\u0107enih <span class=\"smallCaps\">Ivici \u0110iki\u0107u<\/span>, uredniku Novosti, te da pokrenu postupke koji \u0107e dovesti do primjerenog ka\u017enjavanja po\u010dinitelja. Naime, \u0110iki\u0107 je primio pismenu prijetnju uo\u010di promocije nove knjige <span class=\"smallCaps\">Slavka Goldsteina<\/span> \u2018Jasenovac &#8211; tragika, mitomanija, istina\u2019, na kojoj \u0107e sutra biti jedan od govornika. Prijetnja zavr\u0161ava usta\u0161kim pozdravom, a potpisali su je anonimni pripadnici <abbr class=\"smallCaps\">HOS<\/abbr>-a iz bosanskhercegova\u010dkog Tomislavgrada, \u0110iki\u0107evog rodnog mjesta. Ovo je samo jedna u nizu prijetnji upu\u0107enih uredniku Novosti nakon objave naslovnice na kojoj je ministar <span class=\"smallCaps\">Hasanbegovi\u0107<\/span> s usta\u0161kom kapom, ali se izdvaja svojom surovo\u0161\u0107u.<\/p>\n<p>\u2018Od hrvatske vlasti zahtijevamo da poduzme potrebne mjere kako bi se \u0110iki\u0107 za\u0161titio, kao i da jasno i glasno osudi prijetnje i ogradi se od njih, jer \u0107emo u suprotnom biti u uvjerenju da vlast koristi ekstremisti\u010dke grupe i pojedince kao oru\u0111e za borbu protiv politi\u010dkih neistomi\u0161ljenika\u2019, navodi se u apelu.<\/p>\n<p>Mre\u017ea upozorava i na to da je u cijeloj regiji ugro\u017eena sigurnost novinara te da se novinari jako \u010desto nalaze upravo na meti ekstremnih nacionalista, koji se pokazuju kao najbolji \u010duvari antidemokratskih vlasti i koji kao da s njima koordinirano djeluju s ciljem stvaranja atmosfere mr\u017enje i straha u kojoj je sloboda govora ugro\u017eena.<\/p>\n<p>\u2018U sve to nas uvjerava i nedavni brutalni napad na pisca i novinara <span class=\"smallCaps\">Antu Tomi\u0107a <\/span>i njegove prijatelje u Splitu \u2013 u kojemu je jednom \u010dovjeku rasje\u010deno \u010delo, a Tomi\u0107 je samo sretnim slu\u010dajem izbjegao te\u0161ko ozlje\u0111ivanje \u2013 ali i sramotna reakcija Ministarstva kulture povodom tog doga\u0111aja\u2019, poru\u010duju potpisnici apela.<\/p>\n<\/div>\n<div class=\"articleNotes\">Ilko \u0106imi\u0107, Hrvatska\u00a0 Nedim Sejdinovi\u0107, Srbija\u00a0 Eldin Had\u017eovi\u0107, BiH Borjan Jovanovski, Makedonija Andrej Nikolaidis, Crna Gora Anamari Repi\u0107, Kosovo Brankica Petkovi\u0107, Slovenija Boris Paveli\u0107, Hrvatska Arijana Sara\u010devi\u0107 Hela\u0107, BiH \u017darka Radoja, Srbija Morana Panjkota, Hrvatska Aleksandar Manasiev, Makedonija Biljana \u017diki\u0107, Slovenija Esad Ko\u010dan, Crna Gora Tomislava Sila, Hrvatska Miodrag Sovilj, Srbija Antonela Maru\u0161i\u0107, Hrvatska Jelena Svir\u010di\u0107, Hrvatska Borka Rudi\u0107, BiH Radoman Iri\u0107, Srbija Mirha Dedi\u0107, BiH Ishak Slezovi\u0107, Srbija Branko Vu\u010dkovi\u0107, Srbija Ladislav Tomi\u010di\u0107, Hrvatska Du\u0161an Komar\u010devi\u0107, Srbija Hrvoje \u0160imi\u010devi\u0107, Hrvatska Marko Stri\u010devi\u0107, Hrvatska Tamara Opa\u010di\u0107, Hrvatska \u017deljka Mihaljevi\u0107, BiH Petar Vidov, Hrvatska Iva Martinovi\u0107, Srbija Boro Konti\u0107, BiH Ana Bena\u010di\u0107 Maja \u017divanovi\u0107, Srbija Predrag Blagojevi\u0107, Srbija Predrag Luci\u0107, Hrvatska Relja Kne\u017ei\u0107, Srbija Svetozar Rakovi\u0107, Srbija Ma\u0161enjka Ba\u010di\u0107, Hrvatska\u00a0 Darko \u0160per, Srbija Barbara Matej\u010di\u0107, Hrvatska Jovana Zdjelarevi\u0107, Srbija Marina Baruk\u010di\u0107, Hrvatska Dragana \u017darkovi\u0107 Obradovi\u0107, Srbija Tina Laki\u0107, Hrvatska Dejan Ko\u017eul, Hrvatska Tanja Maksic, Srbija Melisa Skender, Hrvatska Branka Dragovi\u0107 Savi\u0107, Srbija Sr\u0111an Sandi\u0107, Hrvatska Una Hajdari, Kosovo Jelka Jovanovi\u0107, Srbija Danka Derifaj, Hrvatska Ljiljana Stojanovi\u0107, Srbija Melisa Skender, Hrvatska Slavi\u0161a Leki\u0107, Srbija Marija Stojanovi\u0107, Srbija Elvir Padalovi\u0107, BiH Aleksandar Trifunovi\u0107, BiH Dragan Bursa\u0107, BiH Maja Isovi\u0107, BiH Jelena Veljkovi\u0107, Srbija Ana Lu\u010din, Hrvatska Sa\u0161a Dragojlo, Srbija Danijel Prerad, Hrvatska Teofil Pan\u010di\u0107, Srbija Jasna Babi\u0107, Hrvatska Tamara Spai\u0107, Srbija D\u017eenana Karup-Dru\u0161ko, BiH Bal\u0161a Brkovi\u0107, Crna Gora Aleksandar \u0110or\u0111evi\u0107, Srbija Tena Erceg, Hrvatska Filip Avramovi\u0107, Srbija Natalija Jakovljevi\u0107, Srbija Nikola Bajto, Hrvatska Mirana Dmitrovi\u0107, Srbija Filip Rauni\u0107, Hrvatska Zlatko Romi\u0107, Srbija Ilir Ga\u0161i, Srbija Antonela Riha, Srbija Dinko Gruhonji\u0107, Srbija Toma\u017e Zaniuk, Slovenija Vuka\u0161in Obradovi\u0107, Srbija Ana Brakus, Hrvatska Dra\u017ea Petrovi\u0107 Srbija Nata\u0161a \u0160kari\u010di\u0107, Hrvatska Perica Gunji\u0107, Srbija Marijana Matkovi\u0107, Hrvatska Zoran B. Nikoli\u0107, Srbija Andreja \u017dap\u010di\u0107, Hrvatska \u017deljko Bodro\u017ei\u0107, Srbija.<\/div>\n<\/article>\n<\/div>\n","protected":false},"excerpt":{"rendered":"<p>Novinarska mre\u017ea, neformalna asocijacija novinara i novinarki s podru\u010dja biv\u0161e Jugoslavije, uputila je zahtjev hrvatskim i bosanskohercegova\u010dkim vlastima da pod hitno otkriju tko stoji iza prijetnji upu\u0107enih uredniku Novosti. www.portalnovosti.com<\/p>\n","protected":false},"author":2,"featured_media":5582,"comment_status":"closed","ping_status":"closed","sticky":false,"template":"","format":"standard","meta":{"_editorskit_title_hidden":false,"_editorskit_reading_time":0,"_editorskit_is_block_options_detached":false,"_editorskit_block_options_position":"{}","footnotes":""},"categories":[58],"tags":[],"class_list":["post-5581","post","type-post","status-publish","format-standard","has-post-thumbnail","hentry","category-news"],"translation":{"provider":"WPGlobus","version":"3.0.2","language":"sr","enabled_languages":["sl","sr","en"],"languages":{"sl":{"title":true,"content":true,"excerpt":true},"sr":{"title":false,"content":true,"excerpt":false},"en":{"title":false,"content":true,"excerpt":false}}},"_links":{"self":[{"href":"https:\/\/dkis.si\/sr\/wp-json\/wp\/v2\/posts\/5581","targetHints":{"allow":["GET"]}}],"collection":[{"href":"https:\/\/dkis.si\/sr\/wp-json\/wp\/v2\/posts"}],"about":[{"href":"https:\/\/dkis.si\/sr\/wp-json\/wp\/v2\/types\/post"}],"author":[{"embeddable":true,"href":"https:\/\/dkis.si\/sr\/wp-json\/wp\/v2\/users\/2"}],"replies":[{"embeddable":true,"href":"https:\/\/dkis.si\/sr\/wp-json\/wp\/v2\/comments?post=5581"}],"version-history":[{"count":1,"href":"https:\/\/dkis.si\/sr\/wp-json\/wp\/v2\/posts\/5581\/revisions"}],"predecessor-version":[{"id":10455,"href":"https:\/\/dkis.si\/sr\/wp-json\/wp\/v2\/posts\/5581\/revisions\/10455"}],"wp:featuredmedia":[{"embeddable":true,"href":"https:\/\/dkis.si\/sr\/wp-json\/wp\/v2\/media\/5582"}],"wp:attachment":[{"href":"https:\/\/dkis.si\/sr\/wp-json\/wp\/v2\/media?parent=5581"}],"wp:term":[{"taxonomy":"category","embeddable":true,"href":"https:\/\/dkis.si\/sr\/wp-json\/wp\/v2\/categories?post=5581"},{"taxonomy":"post_tag","embeddable":true,"href":"https:\/\/dkis.si\/sr\/wp-json\/wp\/v2\/tags?post=5581"}],"curies":[{"name":"wp","href":"https:\/\/api.w.org\/{rel}","templated":true}]}}