{"id":5144,"date":"2016-03-08T15:15:35","date_gmt":"2016-03-08T15:15:35","guid":{"rendered":"http:\/\/dkis.si\/?p=5144"},"modified":"2023-05-18T11:59:01","modified_gmt":"2023-05-18T11:59:01","slug":"zborke-raspevani-duhoviti-i-borbeni-feminizam","status":"publish","type":"post","link":"https:\/\/dkis.si\/sr\/zborke-raspevani-duhoviti-i-borbeni-feminizam\/","title":{"rendered":"Raspevani, duhoviti i borbeni feminizam"},"content":{"rendered":"<p><a href=\"http:\/\/dkis.si\/wp-content\/uploads\/2016\/03\/zborke-org.jpg\" rel=\"attachment wp-att-5153\"><img loading=\"lazy\" decoding=\"async\" class=\"aligncenter wp-image-5153 size-full\" src=\"http:\/\/dkis.si\/wp-content\/uploads\/2016\/03\/zborke-org-e1457448826321.jpg\" alt=\"zborke org\" width=\"1000\" height=\"563\" srcset=\"https:\/\/dkis.si\/wp-content\/uploads\/2016\/03\/zborke-org-e1457448826321.jpg 1000w, https:\/\/dkis.si\/wp-content\/uploads\/2016\/03\/zborke-org-e1457448826321-300x169.jpg 300w, https:\/\/dkis.si\/wp-content\/uploads\/2016\/03\/zborke-org-e1457448826321-768x432.jpg 768w, https:\/\/dkis.si\/wp-content\/uploads\/2016\/03\/zborke-org-e1457448826321-447x252.jpg 447w, https:\/\/dkis.si\/wp-content\/uploads\/2016\/03\/zborke-org-e1457448826321-206x116.jpg 206w\" sizes=\"auto, (max-width: 1000px) 100vw, 1000px\" \/><\/a><\/p>\n<p>&nbsp;<\/p>\n<p><em>U okviru festivala <a href=\"http:\/\/rdecezore.org\/?p=10664&amp;l=2016\" target=\"_blank\" rel=\"noopener\">Rde\u010de zore<\/a> danas, 8. marta, u Koncertnoj dvorani Rog u 20 \u010dasova nastupa Feministi\u010dki peva\u010dki hor <a href=\"https:\/\/www.facebook.com\/FPZ.Zborke\/\" target=\"_blank\" rel=\"noopener\">Z&#8217;borke<\/a>. Radi se o samoorganizovanom, alternativnom, feministi\u010dkom horu koji je osnovan je u Ljubljani pretpro\u0161le godine kao odgovor na seksizam, \u0161ovinizam i stereotipe, kao i na nedostatak dru\u0161tveno anga\u017eovanijih akcija u kulturi i na podru\u010dju horskog pevanja. <\/em><\/p>\n<p><em>Puno je pesama koje reprodukuju neravnopravnost i pasivnu ulogu \u017eene u dru\u0161tvu, objektifikuju \u017eene i obiluju seksisti\u010dkim porukama. Takve pesme nalazimo, ne samo u popularnoj savremenoj muzici, ve\u0107 i u narodnim pesmama koje su prire\u0111ene za horsko pevanje i koje horovi zatim reprodukuju i odr\u017eavaju staus quo. Protiv toga se bori\u00a0 feministi\u010dki peva\u010dki hor Z&#8217;borke koji izborom repertoara i direktnim menjanjem seksisti\u010dkih tekstova dobro poznatih pesama poku\u0161ava da osna\u017ei \u017eene i postavi ih u ravnopravan i aktivan polo\u017eaj. Z&#8217;borke se pevaju\u0107i bore za ravnopravnost i jednake mogu\u0107nosti svih, a pre svega \u017eena i manjina. <\/em><\/p>\n<p><em>Hor broji petnaest stalnih \u010dlanica. Na \u010destim audicijama redovno primaju nove \u010dlanice i \u010dlanove. Vo\u0111a hora je Pija Sku\u0161ek, me\u0111utim, nagla\u0161avaju da je hor zasnovan nehirarhijski i autonomno. Pre svega, va\u017eno je da se \u010dlanice hora dobro ose\u0107aju i dobro zabavljaju. <\/em><\/p>\n<p><em>U <a href=\"http:\/\/radiostudent.si\/dru\u017eba\/kontrola-leta\/kulturni-aktivizam\" target=\"_blank\" rel=\"noopener\">Kontroli leta<\/a> smo razgovarali sa \u010dlanicama hora Z&#8217;borke <strong>Petrom Leveri\u0107<\/strong>, <strong>Svetlanom Jakimovskom Rodi\u0107<\/strong> i <strong>Martinom \u010cikovi\u0107<\/strong>. Sve tri dolaze iz biv\u0161ih jugoslovenskih republika. Petra je do\u0161la iz Pule 2003. godine u Ljubljanu na studije. Studirala je novinarstvo i kulturologiju, a trenutno radi u kancelariji sudskog tuma\u010da za hrvatski, srpski i crnogorski jezik. Svetlana je najdu\u017ee u Sloveniji, jo\u0161 od 1990. godine kada je iz Kumanova iz Makedonije do\u0161la u Ljubljanu da studira na Akademiji za likovnu umetnost. Sada ima status samostalne umetnice, a u osnovnoj \u0161koli predaje likovnu umetnost. Martina dolazi iz Rijeke. U Ljubljani je 2001. godine upisala komunikologiju i posle osam godina se vratila u Hrvatsku. Me\u0111utim, ljubav je podstakla da ponovo spakuje kofere i nastani se za stalno u Ljubljani gde trenutno tra\u017ei posao.<\/em><\/p>\n<p><em>Kako to da ste se na\u0161le u Z&#8217;borkama?<\/em><\/p>\n<p><strong>Svetlana Jakimovska Rodi\u0107<\/strong>: Upravo nedavno smo shvatile da je nekoliko \u010dlanica u na\u0161em horu koje nisu ro\u0111ene u Sloveniji, ali su ovde do\u0161le, ostale i osetile Sloveniju kao svoj novi dom. Imamo dve \u010dlanice iz Makedonije, dve iz Hrvatske, jedna \u010dlanica je bila iz Nema\u010dke u Sloveniji na studijskoj razmeni i bila je vrlo aktivna. Imali smo i \u0160pankinju koja nas je pratila na koncertu na violon\u010delu, a i de\u010dka koji nas je pratio na harmonici i postao je na\u0161 potporni \u010dlan.<\/p>\n<p><strong>Petra Leveri\u0107<\/strong>: Ja sam se u\u010dlanila u zbor i prije nego \u0161to smo ga osnovali. Znala sam, da \u0107e zbor biti osnovan, te da se to namjerava na Metelkovoj. Razlog je bio prvenstveno pjevanje, a onda kad sam \u010dula da je osrednja tema svega toga da bi radili na feminizmu, osna\u017eivanju \u017eena, onda mi je to bio jo\u0161 ve\u0107i poticaj da se uklju\u010dim.<\/p>\n<p><em>Koliko je \u010dlanova u horu Z\u2019borke?<\/em><\/p>\n<p><strong>Svetlana Jakimovska Rodi\u0107<\/strong>: Trenutno nas je petnaest. Ali imamo stalne audicije i primamo nove \u010dlanove. Uvek smo otvorene za nove \u010dlanice i \u010dlanove.<\/p>\n<p><em>Za sada imate samo \u010dlanice?<\/em><\/p>\n<p><strong>Svetlana Jakimovska Rodi\u0107<\/strong>: Za sada su samo \u010dlanice, iako je od po\u010detka bila osnovna ideja da se ne ograni\u010davamo polom i svakako smo otvorene i za mu\u0161karce.<\/p>\n<p><em>Da li to zna\u010di da nema zainteresovanih mu\u0161karaca?<\/em><\/p>\n<p><strong>Svetlana Jakimovska Rodi\u0107<\/strong>: Horu ne mo\u017ee da pristupi samo jedan mu\u0161karac. Problem je u glasovima. Trebalo bi da imamo najmanje tri mu\u0161ka glasa.<\/p>\n<p><strong>Martina \u010cikovi\u0107<\/strong>: Nismo ograni\u010deni spolom, mu\u0161kim, \u017eenskim, trans osobama. Spol ne igra ulogu, u biti igraju ulogu glasovi i koncept. Da bi se novi glas ustanovio mora biti troje ljudi. Zna\u010di otvoreni smo za sve spolove, ali koncept glasa je bitan.<\/p>\n<p style=\"text-align: left;\"><em><a href=\"http:\/\/dkis.si\/wp-content\/uploads\/2016\/03\/zborke-1-obr.jpg\" rel=\"attachment wp-att-5150\"><img loading=\"lazy\" decoding=\"async\" class=\"alignleft wp-image-5150 size-full\" src=\"http:\/\/dkis.si\/wp-content\/uploads\/2016\/03\/zborke-1-obr.jpg\" alt=\"zborke 1 obr\" width=\"452\" height=\"528\" srcset=\"https:\/\/dkis.si\/wp-content\/uploads\/2016\/03\/zborke-1-obr.jpg 452w, https:\/\/dkis.si\/wp-content\/uploads\/2016\/03\/zborke-1-obr-257x300.jpg 257w, https:\/\/dkis.si\/wp-content\/uploads\/2016\/03\/zborke-1-obr-99x116.jpg 99w\" sizes=\"auto, (max-width: 452px) 100vw, 452px\" \/><\/a>Koja je bila va\u0161a motivacija za u\u010de\u0161\u0107e u horu?<\/em><\/p>\n<p><strong>Martina \u010cikovi\u0107<\/strong>: Moja motivacija je bila to \u0161to nisam godinama pjevala. Upravo sam u tom trenutku kad sam \u010dula da \u0107e osnovati novi zbor, razmi\u0161ljala o ponovnom anga\u017emanu u zborskom pjevanju. A onda sama ta ideja feministi\u010dkog zbora mi je bila vrlo bliska jer sam feministica. Kompozicija pjevanja i feminizma mi je bila nekako privla\u010dna, idealna.<\/p>\n<p><strong>Svetlana Jakimovska Rodi\u0107<\/strong>: Svaka od nas je i pre nego \u0161to je pristupila horu, \u010dula da postoji feministi\u010dki hor i to joj se \u010dinilo kao prava stvar. \u017delela je da u\u010destvuje u takvoj stvari i da podr\u017ei taj koncept. Svi\u0111a mi se \u0161to je tako koncipiran hor u Sloveniji gde je mnogo horova i da se i na ovaj na\u010din dru\u017eimo, a istovremeno istaknemo svoju misiju i svoj glas. Svaka je sebi rekla: ovo je OK, ovo je super! Kada smo se okupile, videle smo da smo tu sa svih strana.<\/p>\n<p><em>Kada biste morale u nekoliko re\u010di da opi\u0161ete zbor, \u0161ta biste rekle?<\/em><\/p>\n<p><strong>Petra Leveri\u0107<\/strong>: Definitivno feministi\u010dki zbor koji kroz pjesmu poku\u0161ava prodrijeti do \u0161ire javnosti, da ljudi \u010duju, vide, razmisle o takvim stvarima koje im se mo\u017eda svakodnevno u \u017eivotu doga\u0111aju, a uop\u0107e nisu toga svjesni. Bilo kakav \u0161ovinisti\u010dki nastup nad drugom osobom, sve nadmo\u0107i nad drugom osobom, sve takve stvari ispostavljamo u na\u0161em zboru.<\/p>\n<p><strong>Svetlana Jakimovska Rodi\u0107<\/strong>: Na\u0161e ime je FPZ- Feministi\u010dki pevski zbor ( Feministi\u010dki peva\u010dki hor). Dakle, tematika i na\u0161e poslanstvo je osve\u0161\u0107ivanje o \u017eenama, \u017eenskim pravima, borba protiv seksizma, mizoginije, \u0161ovinizma. Poku\u0161avamo na sve na\u010dine da istaknemo koliko je pogre\u0161na atmosfera netolerancije, nerazumevanja, slabe komunikacije, vi\u0161evekovnog neravnopravnog polo\u017eaja \u017eene. I to pesmom i atmosferom koja pre svega opu\u0161ta i omogu\u0107ava dijalog.<\/p>\n<div class=\"wp-playlist wp-audio-playlist wp-playlist-light\">\n\t\t\t<div class=\"wp-playlist-current-item\"><\/div>\n\t\t<audio controls=\"controls\" preload=\"none\" width=\"1244\"\n\t\t\t><\/audio>\n\t<div class=\"wp-playlist-next\"><\/div>\n\t<div class=\"wp-playlist-prev\"><\/div>\n\t<noscript>\n\t<ol>\n\t\t<li><a href='https:\/\/dkis.si\/wp-content\/uploads\/2016\/03\/Dajmo-zenske.mp3'>Dajmo \u017eenske<\/a><\/li>\t<\/ol>\n\t<\/noscript>\n\t<script type=\"application\/json\" class=\"wp-playlist-script\">{\"type\":\"audio\",\"tracklist\":true,\"tracknumbers\":true,\"images\":true,\"artists\":true,\"tracks\":[{\"src\":\"https:\/\/dkis.si\/wp-content\/uploads\/2016\/03\/Dajmo-zenske.mp3\",\"type\":\"audio\/mpeg\",\"title\":\"Dajmo \\u017eenske\",\"caption\":\"\",\"description\":\"\\\"Dajmo \\u017eenske\\\".\",\"meta\":{\"length_formatted\":\"1:32\"},\"image\":{\"src\":\"https:\/\/dkis.si\/wp-includes\/images\/media\/audio.svg\",\"width\":48,\"height\":64},\"thumb\":{\"src\":\"https:\/\/dkis.si\/wp-includes\/images\/media\/audio.svg\",\"width\":48,\"height\":64}}]}<\/script>\n<\/div>\n\t\n<p><em>Na koji na\u010din se borite protiv seksizma, \u0161ovinizma i svega \u0161to ste naveli? Izborom repertoara, feministi\u010dkim intervencijama u same pesme koje birate?<\/em><\/p>\n<p><strong>Martina \u010cikovi\u0107<\/strong>: Prvenstveno izborom repertoara, pjesama koje pjevamo i vje\u017ebamo. Budu\u0107i da su odre\u0111ene pjesme \u0161ovinisti\u010dke, seksisti\u010dke, mizogine, uzimamo ih kao neki primjer \u0161ovinizma, seksizma i mizoginije i promijenimo tekst. Upravo zbog toga \u0161to su to ve\u0107inom poznate pjesme, narodne ili op\u0107e poznate pjesme, dolaze do u\u0161iju slu\u0161atelja. U biti, publika to ne o\u010dekuje. To je efekt koji posti\u017eemo promijenom teksta.<\/p>\n<p><strong>Petra Leveri\u0107<\/strong>: Mi smo nehijerahi\u010dni, samoorganizirani, alternativni, feministi\u010dki zbor u kojem glavnu ulogu nema samo i isklju\u010divo zborovotkinja i dirigentica, ve\u0107 svi skupa sudjelujemo u stvaranju teksta, pjesama, odabira pjesama, preoblikovanju rije\u010di itd. Zborovotkinja vi\u0161e pristupa sa stru\u010dnog stajali\u0161ta nakon \u0161to se svi dogovorimo oko aran\u017emana. Kad su te stvari jasne, ona razdijeli glasove, stihove poku\u0161a prilagoditi glasovima u zboru. Mi imamo ina\u010de troglasno pjevanje: alto, mezzosoprano i soprano.<\/p>\n<p><a href=\"http:\/\/dkis.si\/wp-content\/uploads\/2016\/03\/Zborke-3.jpg\" rel=\"attachment wp-att-5147\"><img loading=\"lazy\" decoding=\"async\" class=\"wp-image-5147 size-large aligncenter\" src=\"http:\/\/dkis.si\/wp-content\/uploads\/2016\/03\/Zborke-3-1024x576.jpg\" alt=\"Zborke 3\" width=\"605\" height=\"340\" \/><\/a><\/p>\n<p><strong>Svetlana Jakimovska Rodi\u0107<\/strong>: Ono \u0161to je va\u017eno za na\u0161 hor je da na svakom nastupu, pre svake pesme koju \u0107emo otpevati, ispri\u010damo o kojoj pesmi je re\u010d, kada je nastala, objasnimo kontekst pesme, kada je prvi put otpevana (kao npr., kod na\u0161e Feministi\u010dke himne). Kod pesama, \u010diji tekst menjamo, objasnimo kako i za\u0161to smo to uradile. Kod pesama koje pevamo u originalnom jeziku, dodajemo zna\u010denje i da li smo je izvodile na nekom protestu ili sli\u010dno. Poku\u0161avamo da svaku pesmu zaokru\u017eimo nekim kontekstom i da ispri\u010damo, ne samo pri\u010du o nastanku pesme, ve\u0107 i da osvetlimo stvar sa vi\u0161e aspekata.<\/p>\n<p><em>Koliko traju probe? Verovatno i puno razgovarate i razmi\u0161ljate o pesmama i repertoaru i pre nego \u0161to zapo\u010dnu probe pevanja?<\/em><\/p>\n<p><strong>Martina \u010cikovi\u0107<\/strong>: Same probe se vrte oko pjevanja, klasi\u010dne zborovske probe, imamo ih svake nedjelje dva sata i po novom i svake srijede dva sata. Povremeno imamo i solfe\u0111o, to je dodatna nota svemu tome. Rasprave se doga\u0111aju na na\u0161im sastancima koji su nakon probe. Striktno dijelimo te stvari. Ina\u010de bi samo debatirale. Na tim sastancima debatiramo \u0161to i kako, novi repertoar, u kojem kontekstu, da li \u0107e na\u0161a zborovotkinja napisati novi aran\u017eman, \u0161to \u0107emo mijenjati, tko \u0107e mijenjati, ko pi\u0161e pjesme, o novim nastupima, o novim pozivima. Poku\u0161avamo se anga\u017eirati na svim poljima. Npr. u studenom pro\u0161le godine pridru\u017eile smo se akciji \u201cGlasne za begunce\u201d u Atriju ZRC-a gdje smo otpjevale dio svog repertoara, skupa sa drugim umjetnicima. Na\u0161a borba nije striktno samo borba protiv \u0161ovinizma, seksizma i mizoginije, borimo se protiv svih stereotipa prema svim marginaliziranim skupinama.<\/p>\n<div class=\"wp-playlist wp-audio-playlist wp-playlist-light\">\n\t\t\t<div class=\"wp-playlist-current-item\"><\/div>\n\t\t<audio controls=\"controls\" preload=\"none\" width=\"1244\"\n\t\t\t><\/audio>\n\t<div class=\"wp-playlist-next\"><\/div>\n\t<div class=\"wp-playlist-prev\"><\/div>\n\t<noscript>\n\t<ol>\n\t\t<li><a href='https:\/\/dkis.si\/wp-content\/uploads\/2016\/03\/March-of-the-Women-1-1.mp3'>March of the Women<\/a><\/li>\t<\/ol>\n\t<\/noscript>\n\t<script type=\"application\/json\" class=\"wp-playlist-script\">{\"type\":\"audio\",\"tracklist\":true,\"tracknumbers\":true,\"images\":true,\"artists\":true,\"tracks\":[{\"src\":\"https:\/\/dkis.si\/wp-content\/uploads\/2016\/03\/March-of-the-Women-1-1.mp3\",\"type\":\"audio\/mpeg\",\"title\":\"March of the Women\",\"caption\":\"\",\"description\":\"\\\"March of the Women\\\".\",\"meta\":{\"length_formatted\":\"2:32\"},\"image\":{\"src\":\"https:\/\/dkis.si\/wp-includes\/images\/media\/audio.svg\",\"width\":48,\"height\":64},\"thumb\":{\"src\":\"https:\/\/dkis.si\/wp-includes\/images\/media\/audio.svg\",\"width\":48,\"height\":64}}]}<\/script>\n<\/div>\n\t\n<p><strong>Petra Leveri\u0107<\/strong>: Repertoar je \u0161irokog spektra, od slovenskih pjesama otpora kao \u0161to je \u201cDajmo, \u017eenske\u201d, \u201cHrabra feministka\u201d, \u201cFeministke hitite\u201d \u0161to je u biti \u201cHej brigade!\u201d, svima poznata, do slovenskih pjesama koje se izvode na veselicama \u201c\u017dena naj bo doma&#8220;, na\u0161a izvedba je \u201c\u017dena ne bo doma\u201d. Za tu pjesmu je najtragi\u010dnije \u0161to je tekst napisala \u017eena. Ve\u0107 to je sporno da \u017eena u tom kontekstu stavlja samu sebe u poziciju manje vrijedne, manje mo\u0107ne, sama sebe stavlja unutar \u010detiri zida. Odaziv publike je ve\u0107i kad su takve obrade. Na ozbiljnije pjesme reagiraju ozbiljno. Vidi se ta reakcija kad su u pitanju klasi\u010dniji komadi ili neki poznatiji.<\/p>\n<p><strong>Svetlana Jakimovska Rodi\u0107<\/strong>: U svoj repertoar smo uvrstili i pesmu \u201cSuper Gran\u201d. Mislim da je ta pesmica nastala uz englesku seriju koja je na uvek na po\u010detku imala ovu pesmu i u Engleskoj su primetili da cela serija govori o super bakici, podsti\u010de me\u0111ugeneracijski dijalog i stereotipnu ulogu bake izokre\u0107e naglava\u010dke. Prili\u010dno je doprinela i menjanju slike bake u javnosti. Bila je vrlo popularna i mi smo je izabrali za jednu od pesama koju pevamo na na\u0161im nastupima.<br \/>\nU na\u0161em horu imamo jednu u\u010denicu, ve\u0107ina su studentkinje, zatim zaposlene, nezaposlene, bake, mame&#8230; Nema nikakvih razlika izme\u0111u nas. Kod nas je bitno kako mi vidimo poziciju \u017eene u dana\u0161njem dru\u0161tvu i kako \u017eelimo tu poziciju da na neki na\u010din promenimo, makar da uti\u010demo na to, da pustimo svoj glas u javnosti.<\/p>\n<div class=\"wp-playlist wp-audio-playlist wp-playlist-light\">\n\t\t\t<div class=\"wp-playlist-current-item\"><\/div>\n\t\t<audio controls=\"controls\" preload=\"none\" width=\"1244\"\n\t\t\t><\/audio>\n\t<div class=\"wp-playlist-next\"><\/div>\n\t<div class=\"wp-playlist-prev\"><\/div>\n\t<noscript>\n\t<ol>\n\t\t<li><a href='https:\/\/dkis.si\/wp-content\/uploads\/2016\/03\/Supergran.mp3'>Supergran<\/a><\/li>\t<\/ol>\n\t<\/noscript>\n\t<script type=\"application\/json\" class=\"wp-playlist-script\">{\"type\":\"audio\",\"tracklist\":true,\"tracknumbers\":true,\"images\":true,\"artists\":true,\"tracks\":[{\"src\":\"https:\/\/dkis.si\/wp-content\/uploads\/2016\/03\/Supergran.mp3\",\"type\":\"audio\/mpeg\",\"title\":\"Supergran\",\"caption\":\"\",\"description\":\"\\\"Supergran\\\".\",\"meta\":{\"length_formatted\":\"2:19\"},\"image\":{\"src\":\"https:\/\/dkis.si\/wp-includes\/images\/media\/audio.svg\",\"width\":48,\"height\":64},\"thumb\":{\"src\":\"https:\/\/dkis.si\/wp-includes\/images\/media\/audio.svg\",\"width\":48,\"height\":64}}]}<\/script>\n<\/div>\n\t\n<p><a href=\"http:\/\/dkis.si\/wp-content\/uploads\/2016\/03\/Zborke-2.jpg\" rel=\"attachment wp-att-5152\"><img loading=\"lazy\" decoding=\"async\" class=\"aligncenter wp-image-5152 size-large\" src=\"http:\/\/dkis.si\/wp-content\/uploads\/2016\/03\/Zborke-2-1024x768.jpg\" alt=\"OLYMPUS DIGITAL CAMERA\" width=\"605\" height=\"454\" srcset=\"https:\/\/dkis.si\/wp-content\/uploads\/2016\/03\/Zborke-2-1024x768.jpg 1024w, https:\/\/dkis.si\/wp-content\/uploads\/2016\/03\/Zborke-2-300x225.jpg 300w, https:\/\/dkis.si\/wp-content\/uploads\/2016\/03\/Zborke-2-768x576.jpg 768w, https:\/\/dkis.si\/wp-content\/uploads\/2016\/03\/Zborke-2-1536x1152.jpg 1536w, https:\/\/dkis.si\/wp-content\/uploads\/2016\/03\/Zborke-2-2048x1536.jpg 2048w, https:\/\/dkis.si\/wp-content\/uploads\/2016\/03\/Zborke-2-400x300.jpg 400w, https:\/\/dkis.si\/wp-content\/uploads\/2016\/03\/Zborke-2-155x116.jpg 155w\" sizes=\"auto, (max-width: 605px) 100vw, 605px\" \/><\/a><\/p>\n<p><em>Jo\u0161 jedna va\u0161a karakteristi\u010dna pesma zove se \u201cHrabra feministka\u201d. O kakvoj pesmi je re\u010d?<\/em><\/p>\n<p><strong>Petra Leveri\u0107<\/strong>: Unutar feministi\u010dkih inicijativa smo utvrdile da nam je potrebna nova feministi\u010dna himna koje \u0107e nas bodriti i podignuti u trenucima slabosti. Tekst je nastao na radionici \u00bbTrash pisanje\u00ab u organizaciji Lezbi\u010dno- feministi\u010dne univerze. Prvobitno su nastale dvije verzije na melodiju jedne od na\u0161ih najdra\u017eih partizanskih pjesama \u00bbMlada partizanka\u00ab. Izabrale smo jednu od njih i priredile je na svoj na\u010din. Prvi put smo je zapjevale kao potporu \u00bbShodu proti seksizmu\u00ab, maja 2014.<\/p>\n<p><iframe loading=\"lazy\" title=\"Z&#039;borke Hrabra feministka (feat. Ksenija Jus)\" width=\"1266\" height=\"712\" src=\"https:\/\/www.youtube.com\/embed\/YFRUTq3vFRY?feature=oembed\" frameborder=\"0\" allow=\"accelerometer; autoplay; clipboard-write; encrypted-media; gyroscope; picture-in-picture; web-share\" allowfullscreen><\/iframe><\/p>\n<p><em>Koliko vama li\u010dno zna\u010di pevanje u Z&#8217;borkama?<\/em><\/p>\n<p><strong>Petra Leveri\u0107<\/strong>: Pjevanje je takvo izra\u017eajno sredstvo koje povezuje ljude, pjesma ima na nas utjecaj i mogu re\u0107i da u pjevanju u\u017eivam a pogotovu kad to ima neku jasnu poruku, onda jo\u0161 vi\u0161e.<\/p>\n<p><strong>Martina \u010cikovi\u0107<\/strong>: Meni pjevanje u Z&#8217;borkama jako puno zna\u010di zbog toga \u0161to znam kad dolazim na probu da dolazim u prostor gdje su moji istomi\u0161ljenici\/istomi\u0161ljenice. I to me u biti veseli. Ponekad koliko god mi \u0161irimo na\u0161 glas, na\u0161e mi\u0161ljenje, na\u0161a zajedni\u010dka razmi\u0161ljanja i stavove, toliko je ponekad te\u0161ko drugima obja\u0161njavati svoja razmi\u0161ljanja i svoje stavove i voditi neki dijalog. Nakon napornog dana je dobar osje\u0107aj u\u0107i u prostoriju gde sjede ljudi s kojim dijeli\u0161 stavove i razmi\u0161ljanja i koji te razumiju i sa kojima ne mora\u0161 pri\u010dati, niti se izja\u0161njavati, jednostavno si na istoj valovnoj du\u017eini. Dobar osje\u0107aj da radi\u0161 za istu stvar, osje\u0107aj skupnosti koja se bori za istu stvar, za ista prava.<\/p>\n<p><strong>Petra Leveri\u0107<\/strong>: Ja bih samo jo\u0161 dodala: ima\u0161 osje\u0107aj ne samo da si napravio dobro za sebe, ve\u0107 da si napravio za sve. Prevladava osje\u0107aj da stvarno radi\u0161 na \u0161iroj dimenziji.<\/p>\n<p><em>Mislite li da je pevanje dobar na\u010din za izra\u017eavanje zajedni\u0161tva i protesta?<\/em><\/p>\n<p><strong>Svetlana Jakimovska Rodi\u0107:<\/strong> Pesma se najbolje \u010duje u zajednici. Najbolje pevamo kada smo zajedno, kada smo tu\u017eni, kada smo radosni, kada imamo ne\u0161to da ka\u017eemo ili tada kad nam re\u010di nedostaju. Kada nemamo koncerte, svake nedelje se nalazimo u Menzi pri koritu, na Metelkovoj od 18h do 20h. Devojke su super, odli\u010dno se zabavljamo i to se vidi i na koncertima. Pozivamo sve, koji su zainteresovani i koji \u017eele da se pridru\u017ee peva\u010dkom horu da nam se jave preko maila fpz.zborke@gmail.com, a mo\u017eete nas na\u0107i i na <a href=\"https:\/\/www.facebook.com\/FPZ.Zborke\/\" target=\"_blank\" rel=\"noopener\">facebook-u<\/a> i javiti nam se tim putem i pratiti na\u0161e aktivnosti.<\/p>\n<p>Razgovarala: <strong>Biljana \u017diki\u0107<\/strong><\/p>\n","protected":false},"excerpt":{"rendered":"<p>U okviru festivala Rde\u010de zore 8. marta, u Koncertnoj dvorani Rog u 20 \u010dasova nastupa Feministi\u010dki peva\u010dki hor Z&#8217;borke. &#8222;Poku\u0161avamo na sve na\u010dine da istaknemo koliko je pogre\u0161na atmosfera netolerancije, nerazumevanja, slabe komunikacije, vi\u0161evekovnog neravnopravnog polo\u017eaja \u017eene. I to pesmom i atmosferom koja pre svega opu\u0161ta i omogu\u0107ava dijalog.&#8220;<\/p>\n","protected":false},"author":2,"featured_media":5148,"comment_status":"closed","ping_status":"closed","sticky":false,"template":"","format":"standard","meta":{"_editorskit_title_hidden":false,"_editorskit_reading_time":0,"_editorskit_is_block_options_detached":false,"_editorskit_block_options_position":"{}","footnotes":""},"categories":[5,65],"tags":[],"class_list":["post-5144","post","type-post","status-publish","format-standard","has-post-thumbnail","hentry","category-interview","category-journal"],"translation":{"provider":"WPGlobus","version":"3.0.2","language":"sr","enabled_languages":["sl","sr","en"],"languages":{"sl":{"title":true,"content":true,"excerpt":true},"sr":{"title":true,"content":true,"excerpt":true},"en":{"title":false,"content":true,"excerpt":false}}},"_links":{"self":[{"href":"https:\/\/dkis.si\/sr\/wp-json\/wp\/v2\/posts\/5144","targetHints":{"allow":["GET"]}}],"collection":[{"href":"https:\/\/dkis.si\/sr\/wp-json\/wp\/v2\/posts"}],"about":[{"href":"https:\/\/dkis.si\/sr\/wp-json\/wp\/v2\/types\/post"}],"author":[{"embeddable":true,"href":"https:\/\/dkis.si\/sr\/wp-json\/wp\/v2\/users\/2"}],"replies":[{"embeddable":true,"href":"https:\/\/dkis.si\/sr\/wp-json\/wp\/v2\/comments?post=5144"}],"version-history":[{"count":1,"href":"https:\/\/dkis.si\/sr\/wp-json\/wp\/v2\/posts\/5144\/revisions"}],"predecessor-version":[{"id":10098,"href":"https:\/\/dkis.si\/sr\/wp-json\/wp\/v2\/posts\/5144\/revisions\/10098"}],"wp:featuredmedia":[{"embeddable":true,"href":"https:\/\/dkis.si\/sr\/wp-json\/wp\/v2\/media\/5148"}],"wp:attachment":[{"href":"https:\/\/dkis.si\/sr\/wp-json\/wp\/v2\/media?parent=5144"}],"wp:term":[{"taxonomy":"category","embeddable":true,"href":"https:\/\/dkis.si\/sr\/wp-json\/wp\/v2\/categories?post=5144"},{"taxonomy":"post_tag","embeddable":true,"href":"https:\/\/dkis.si\/sr\/wp-json\/wp\/v2\/tags?post=5144"}],"curies":[{"name":"wp","href":"https:\/\/api.w.org\/{rel}","templated":true}]}}