{"id":4967,"date":"2016-02-24T23:35:44","date_gmt":"2016-02-24T23:35:44","guid":{"rendered":"http:\/\/dkis.si\/?p=4967"},"modified":"2023-05-18T11:59:02","modified_gmt":"2023-05-18T11:59:02","slug":"vazno-je-ko-je-progovorio-kada-su-drugi-cutali-i-ko-je-cutao-kada-je-trebalo-da-se-bori","status":"publish","type":"post","link":"https:\/\/dkis.si\/sr\/vazno-je-ko-je-progovorio-kada-su-drugi-cutali-i-ko-je-cutao-kada-je-trebalo-da-se-bori\/","title":{"rendered":"Va\u017eno je ko je progovorio kada su drugi \u0107utali i ko je \u0107utao kada je trebalo da se bori"},"content":{"rendered":"<p><iframe loading=\"lazy\" title=\"napovednik \u017denska\" width=\"1266\" height=\"712\" src=\"https:\/\/www.youtube.com\/embed\/aBOgcnWmT24?feature=oembed\" frameborder=\"0\" allow=\"accelerometer; autoplay; clipboard-write; encrypted-media; gyroscope; picture-in-picture; web-share\" allowfullscreen><\/iframe><\/p>\n<p>Dokumentarni film <em>\u017dena<\/em> (1. i 2. deo) autorke <strong>Majde \u0160irca<\/strong> pretpremijerno je prikazan u saradnji sa Slovena\u010dkim sociolo\u0161kim dru\u0161tvom i RTV Slovenija u utorak, 23. februara u prepunoj dvorani Slovenske kinoteke. <em>\u017dena<\/em> je istorijski, esejisti\u010dki i interpretativni pregled borbe za prava \u017eena u slovena\u010dkom prostoru od 19. veka do danas, koji predstavlja i analizira mnoge bitke koje su \u017eene vodile, izme\u0111u ostalog, za glasa\u010dko pravo, pravo na obrazovanje, pravo na rad, pravo na vlast nad sopstvenim telom, kao i kratke portrete \u017eena koje su odigrale klju\u010dne uloge u toj borbi.<\/p>\n<p>\u00bbFilm \u017dena snimila sam zbog toga \u0161to sam \u017eena, zbog toga \u0161to \u017eivim u prostoru gde se gube se\u0107anja i gde se zaboravlja koje puteve su na\u0161e majke, na\u0161e bake i jo\u0161 mnoge pre njih pre\u0161le da bismo danas \u017eiveli tako kako \u017eivimo. Istovremeno, to nije bila samo moja unutra\u0161nja potreba, ve\u0107 i obaveza za nacionalnu televiziju, koja mora da ima i da pokrije i neki istorijski i interpretativni aspekat na\u0161e pro\u0161losti. Zato, da tu pro\u0161lost ne bismo zaboravljali, da znamo da se branimo tada kada neko bude \u017eeleo da nam oduzme to \u0161to imamo, kao i da smo spremne da steknemo i ne\u0161to \u0161to nemamo i da jednostavno vidimo, ko je kada u pro\u0161losti progovorio kada su drugi \u0107utali odnosno ko je \u0107utao kada je trebalo da se bori.<\/p>\n<p>U istoriji to uvek pamtimo, kao \u0161to \u0107e i na\u0161i potomci zapamtiti dana\u0161nji dan i ko je danas \u0107utao, a ko progovorio u slu\u010daju kada danas slovena\u010dki prostor nije dozvolio sme\u0161taj dece u \u0111a\u010dkom domu u Kranju.\u00a0 To su stvari, koje moraju da ostanu zabele\u017eene i moramo da ih znamo. Zato sam ja napravila ovaj film.<\/p>\n<p>Moram da napomenem da je u filmu toliko neverovatno lepih, tragi\u010dnih, fatalnih, radosnih, podsticajnih, herojskih pri\u010da, koje jo\u0161 nisu otkrivene, nisu jo\u0161 toliko poznate ili su ostale samo nagove\u0161tene i dobro je da ih osve\u017eimo. Ja sam ih se dotakla, a \u010dekam da ih neko drugi jo\u0161 vi\u0161e osve\u017ei nego \u0161to sam to ja uspela&#8220;, rekla nam je scenaristkinja i rediteljka Majda \u0160irca posle projekcije filma. Intervju sa autorkom poslu\u0161ajte u Kontroli leta na Radiju \u0160tudent, 27. februara u 12 h.<\/p>\n<p>Filmovi <em>\u017dena<\/em> (1. in 2.) bi\u0107e prikazani na Televiziji Slovenija 1. in 8. marta 2016.<\/p>\n","protected":false},"excerpt":{"rendered":"<p>Dokumentarni film \u017dena (1. i 2. deo), scenario i re\u017eija Majda \u0160irca, pretpremijera v Slovenskoj kinoteci<\/p>\n","protected":false},"author":2,"featured_media":4968,"comment_status":"closed","ping_status":"closed","sticky":false,"template":"","format":"standard","meta":{"_editorskit_title_hidden":false,"_editorskit_reading_time":0,"_editorskit_is_block_options_detached":false,"_editorskit_block_options_position":"{}","footnotes":""},"categories":[58],"tags":[],"class_list":["post-4967","post","type-post","status-publish","format-standard","has-post-thumbnail","hentry","category-news"],"translation":{"provider":"WPGlobus","version":"3.0.2","language":"sr","enabled_languages":["sl","sr","en"],"languages":{"sl":{"title":true,"content":true,"excerpt":true},"sr":{"title":true,"content":true,"excerpt":true},"en":{"title":false,"content":true,"excerpt":true}}},"_links":{"self":[{"href":"https:\/\/dkis.si\/sr\/wp-json\/wp\/v2\/posts\/4967","targetHints":{"allow":["GET"]}}],"collection":[{"href":"https:\/\/dkis.si\/sr\/wp-json\/wp\/v2\/posts"}],"about":[{"href":"https:\/\/dkis.si\/sr\/wp-json\/wp\/v2\/types\/post"}],"author":[{"embeddable":true,"href":"https:\/\/dkis.si\/sr\/wp-json\/wp\/v2\/users\/2"}],"replies":[{"embeddable":true,"href":"https:\/\/dkis.si\/sr\/wp-json\/wp\/v2\/comments?post=4967"}],"version-history":[{"count":2,"href":"https:\/\/dkis.si\/sr\/wp-json\/wp\/v2\/posts\/4967\/revisions"}],"predecessor-version":[{"id":10497,"href":"https:\/\/dkis.si\/sr\/wp-json\/wp\/v2\/posts\/4967\/revisions\/10497"}],"wp:featuredmedia":[{"embeddable":true,"href":"https:\/\/dkis.si\/sr\/wp-json\/wp\/v2\/media\/4968"}],"wp:attachment":[{"href":"https:\/\/dkis.si\/sr\/wp-json\/wp\/v2\/media?parent=4967"}],"wp:term":[{"taxonomy":"category","embeddable":true,"href":"https:\/\/dkis.si\/sr\/wp-json\/wp\/v2\/categories?post=4967"},{"taxonomy":"post_tag","embeddable":true,"href":"https:\/\/dkis.si\/sr\/wp-json\/wp\/v2\/tags?post=4967"}],"curies":[{"name":"wp","href":"https:\/\/api.w.org\/{rel}","templated":true}]}}