{"id":4917,"date":"2016-02-16T13:44:41","date_gmt":"2016-02-16T13:44:41","guid":{"rendered":"http:\/\/dkis.si\/?p=4917"},"modified":"2023-05-18T11:59:03","modified_gmt":"2023-05-18T11:59:03","slug":"razdragani-u-beogradu","status":"publish","type":"post","link":"https:\/\/dkis.si\/sr\/razdragani-u-beogradu\/","title":{"rendered":"Razdragani u Beogradu"},"content":{"rendered":"<figure id=\"attachment_4918\" aria-describedby=\"caption-attachment-4918\" style=\"width: 605px\" class=\"wp-caption aligncenter\"><a href=\"http:\/\/dkis.si\/wp-content\/uploads\/2016\/02\/2537427477_288ab9d602_o.jpg\" rel=\"attachment wp-att-4918\"><img loading=\"lazy\" decoding=\"async\" class=\"wp-image-4918 size-large\" src=\"http:\/\/dkis.si\/wp-content\/uploads\/2016\/02\/2537427477_288ab9d602_o-1024x768.jpg\" alt=\"2537427477_288ab9d602_o\" width=\"605\" height=\"454\" srcset=\"https:\/\/dkis.si\/wp-content\/uploads\/2016\/02\/2537427477_288ab9d602_o-1024x768.jpg 1024w, https:\/\/dkis.si\/wp-content\/uploads\/2016\/02\/2537427477_288ab9d602_o-300x225.jpg 300w, https:\/\/dkis.si\/wp-content\/uploads\/2016\/02\/2537427477_288ab9d602_o-768x576.jpg 768w, https:\/\/dkis.si\/wp-content\/uploads\/2016\/02\/2537427477_288ab9d602_o-1536x1152.jpg 1536w, https:\/\/dkis.si\/wp-content\/uploads\/2016\/02\/2537427477_288ab9d602_o-2048x1536.jpg 2048w, https:\/\/dkis.si\/wp-content\/uploads\/2016\/02\/2537427477_288ab9d602_o-400x300.jpg 400w, https:\/\/dkis.si\/wp-content\/uploads\/2016\/02\/2537427477_288ab9d602_o-155x116.jpg 155w\" sizes=\"auto, (max-width: 605px) 100vw, 605px\" \/><\/a><figcaption id=\"caption-attachment-4918\" class=\"wp-caption-text\"><a href=\"https:\/\/www.flickr.com\/photos\/zonoc\/2537427477\/in\/photolist-4SdYMB-sXjBk-3wpmni-AzrZAo-8185PH-61DxdD-565kyS-4h1FQq-5SHDMp-rAmdBk-o1Z9d2-pow3r-7xMCWV-qKhUe8-oGv9Kt-8f2Ksx-b41qx-6hMnQs-oAK83K-e2X1jd-NdAUQ-5s8u2C-nvq63T-99icyP-gVgvpC-ryyNFk-rrHhd4-h1DsiJ-nQDWFR-LCckz-7iy2GW-bBQ9pK-6wAApW-3H9dhX-jxpBYJ-nzGVuY-99icKF-9Fy1WJ-yYYKNP-ybS3zP-e2mn4v-4nL9AJ-9JcAqM-4KN9xj-bcsYit-aiXECj-icVyDe-aU22rF-7m6xjn-8DARAS\" target=\"_blank\" rel=\"noopener\">Flickr<\/a><\/figcaption><\/figure>\n<p>Pi\u0161e: <strong>Nade\u017eda Milenkovi\u0107<\/strong><\/p>\n<p>Lepo je u Beogradu ovih dana &#8211; toplo, sun\u010dano, ulice prazni\u010dno osvetljene&#8230; Prazni\u010dno? Ne, nije zbog dr\u017eavnog praznika, a crkvenog Sretenja, nego zbog nove godine. Kako &#8211; koje nove godine? Pa ove, 2016.<\/p>\n<p>Da, znam da je do\u010dekana jo\u0161 pre mesec i po dana i, da, znam da je i ona kasne\u0107a \u201dsrpska\u201d do\u010dekana pre mesec dana, pa i da je \u010dak i kineska, koju ne do\u010dekujemo, bila pre nedelju dana. No, Beograd jo\u0161 nije spreman da se raskiti.<\/p>\n<p>Jer premijer to nije naredio. A dok on ne naredi, niko ne sme da pogasi svetla u Beogradu. Naro\u010dito ne sada kada ih ionako optu\u017euju za uvo\u0111enje mraka, medijskog i svakog drugog.<\/p>\n<p>Kada je u decembru naredio da se Beograd pod hitno okiti, premijer je rekao da \u0107e ljudi vi\u0161e kupovati kad vide lepo osvetljene ulice. Ne znam da li se njegovo proro\u010danstvo ispunilo, ali ako o\u010dekujete da Beogradom tumaraju ljudi iznureni od vi\u0161emese\u010dne besomu\u010dne kupovine, mora\u0107u da vas razo\u010daram. Ako po gradu i tumaraju neki iznureni ljudi, to su korisnici narodnih kuhinja. I nisu iznureni od kupovine, ve\u0107 od gladi. Jer im je gradska vlast pre nekoliko dana ukinula narodne kuhinje (navodno zbog proceduralnog odlaganja) i, umesto toplog obroka, ponudila svakom korisniku po 168 (i slovima: 168) dinara da kupi&#8230; pa gotovo ni\u0161ta za te pare. Osim mo\u017eda kilo hleba pa da se nadaju da \u0107e, umesto kusura, kao i obi\u010dno, dobiti \u017evaku kojom mogu da zavaraju glad.<\/p>\n<p>Sa druge strane, mogli su i gore da pro\u0111u. Naro\u010dito ako imate u vidu da je pre samo par meseci ministar za rad i socijalnu politiku naredio da socijalna pomo\u0107 mora da se zaradi. Tako da su se korisnici narodnih kuhinja jo\u0161 i izvukli &#8211; ako ne ra\u010dunamo da su im imena i prezimena javno objavljena, pa da su i oni srame\u017eljivi, koji su se nadali da \u0107e da sakriju svoju muku, postali poznati u\u017eoj i \u0161iroj javnosti. Ali, ako zanemarimo tu bruku (koja nije postala bruka i onih koji su spiskove objavili) korisnici narodnih kuhinja ipak ne moraju da zarade svoj hleb. Mislim, bukvalno hleb.<\/p>\n<p>A mogli su gradski oci da i ne budu tako velikodu\u0161ni. Jer, ako \u0107emo realno (rekla sam: realno, a ne: racionalno) za\u0161to bi oni koji primaju socijalnu pomo\u0107 morali da rade, a oni koji primaju hranu ne? Zar to nije diskriminacija? Osim toga, taman bi im fino do\u0161lo da posle obroka rade i potro\u0161e te kalorije koje im je dr\u017eava besplatno obezbedila. Ovako, oni bi mogli da udare dremku posle ru\u010dka pa da im se se, zbog nedovoljnog ve\u017ebanja i gojaznosti, zakre\u010de krvni sudovi. Pa da dr\u017eava mora jo\u0161 i na njihovo le\u010denje da tro\u0161i pare, marljivo u\u0161te\u0111ene na penzijama i platama.<\/p>\n<p>A mo\u017eda se sve ipak lepo zavr\u0161i. Mo\u017eda ih zaposle da skidaju novogodi\u0161nju rasvetu. Em \u0107e da rade (\u0161to je dobro po njihovo zdravlje), em \u0107e da rade besplatno (\u0161to je dobro po dr\u017eavni bud\u017eet) em \u0107e da se ve\u0107 jednom ukine ovo ve\u0161ta\u010dko podsticanje prazni\u010dne euforije kod gra\u0111ana. Ali, naravno, ne pre nego \u0161to pro\u0111u izbori. Na prole\u0107e.<\/p>\n","protected":false},"excerpt":{"rendered":"<p>Lepo je u Beogradu ovih dana &#8211; toplo, sun\u010dano, ulice prazni\u010dno osvetljene&#8230; Prazni\u010dno? Ne, nije zbog dr\u017eavnog praznika, a crkvenog Sretenja, nego zbog nove godine. Kako &#8211; koje nove godine? Pa ove, 2016.<br \/>\nPi\u0161e: Nade\u017eda Milenkovi\u0107<\/p>\n","protected":false},"author":2,"featured_media":4918,"comment_status":"closed","ping_status":"closed","sticky":false,"template":"","format":"standard","meta":{"_editorskit_title_hidden":false,"_editorskit_reading_time":0,"_editorskit_is_block_options_detached":false,"_editorskit_block_options_position":"{}","footnotes":""},"categories":[3],"tags":[],"class_list":["post-4917","post","type-post","status-publish","format-standard","has-post-thumbnail","hentry","category-columns"],"translation":{"provider":"WPGlobus","version":"3.0.2","language":"sr","enabled_languages":["sl","sr","en"],"languages":{"sl":{"title":true,"content":true,"excerpt":true},"sr":{"title":false,"content":true,"excerpt":true},"en":{"title":false,"content":true,"excerpt":true}}},"_links":{"self":[{"href":"https:\/\/dkis.si\/sr\/wp-json\/wp\/v2\/posts\/4917","targetHints":{"allow":["GET"]}}],"collection":[{"href":"https:\/\/dkis.si\/sr\/wp-json\/wp\/v2\/posts"}],"about":[{"href":"https:\/\/dkis.si\/sr\/wp-json\/wp\/v2\/types\/post"}],"author":[{"embeddable":true,"href":"https:\/\/dkis.si\/sr\/wp-json\/wp\/v2\/users\/2"}],"replies":[{"embeddable":true,"href":"https:\/\/dkis.si\/sr\/wp-json\/wp\/v2\/comments?post=4917"}],"version-history":[{"count":1,"href":"https:\/\/dkis.si\/sr\/wp-json\/wp\/v2\/posts\/4917\/revisions"}],"predecessor-version":[{"id":10460,"href":"https:\/\/dkis.si\/sr\/wp-json\/wp\/v2\/posts\/4917\/revisions\/10460"}],"wp:featuredmedia":[{"embeddable":true,"href":"https:\/\/dkis.si\/sr\/wp-json\/wp\/v2\/media\/4918"}],"wp:attachment":[{"href":"https:\/\/dkis.si\/sr\/wp-json\/wp\/v2\/media?parent=4917"}],"wp:term":[{"taxonomy":"category","embeddable":true,"href":"https:\/\/dkis.si\/sr\/wp-json\/wp\/v2\/categories?post=4917"},{"taxonomy":"post_tag","embeddable":true,"href":"https:\/\/dkis.si\/sr\/wp-json\/wp\/v2\/tags?post=4917"}],"curies":[{"name":"wp","href":"https:\/\/api.w.org\/{rel}","templated":true}]}}