{"id":3857,"date":"2015-12-11T12:27:22","date_gmt":"2015-12-11T12:27:22","guid":{"rendered":"http:\/\/dkis.si\/?p=3857"},"modified":"2023-05-18T11:59:44","modified_gmt":"2023-05-18T11:59:44","slug":"domacinstvo-srbija","status":"publish","type":"post","link":"https:\/\/dkis.si\/sr\/domacinstvo-srbija\/","title":{"rendered":"Doma\u0107instvo Srbija"},"content":{"rendered":"<figure id=\"attachment_3858\" aria-describedby=\"caption-attachment-3858\" style=\"width: 720px\" class=\"wp-caption aligncenter\"><a href=\"http:\/\/dkis.si\/wp-content\/uploads\/2015\/12\/Ambrozija.jpg\"><img loading=\"lazy\" decoding=\"async\" class=\"wp-image-3858 size-full\" src=\"http:\/\/dkis.si\/wp-content\/uploads\/2015\/12\/Ambrozija.jpg\" alt=\"Foto: Alenka Bratulovi\u0107\" width=\"720\" height=\"384\" srcset=\"https:\/\/dkis.si\/wp-content\/uploads\/2015\/12\/Ambrozija.jpg 720w, https:\/\/dkis.si\/wp-content\/uploads\/2015\/12\/Ambrozija-300x160.jpg 300w, https:\/\/dkis.si\/wp-content\/uploads\/2015\/12\/Ambrozija-447x238.jpg 447w, https:\/\/dkis.si\/wp-content\/uploads\/2015\/12\/Ambrozija-218x116.jpg 218w\" sizes=\"auto, (max-width: 720px) 100vw, 720px\" \/><\/a><figcaption id=\"caption-attachment-3858\" class=\"wp-caption-text\">Alenka Bartulovi\u0107<\/figcaption><\/figure>\n<p>Pi\u0161e: <strong>Nade\u017eda Milenkovi\u0107<\/strong><\/p>\n<p>Na zaprepa\u0161\u0107enje dobrog dela javnosti (\u201ddobrog\u201d ne vrednosno nego koli\u010dinski), ministar vojni je, zbog neprimerenog obra\u0107anja novinarki, izba\u010den iz vlade. I to je lepa vest. Mislim, to \u0161to je izba\u010den, ne to \u0161to su se ostali zaprepastili.<\/p>\n<p>A za\u0161to su se zaprepastili? Prvo, zato \u0161to ne mogu da veruju da je ministar tako drakonski ka\u017enjen zbog jedne \u201dobi\u010dne\u201d po\u0161alice. Zatim ih je zaprepastilo saznanje da je ta po\u0161alica shva\u0107ena kao uvreda. Jer, za\u0161to, zaboga, kad nije rekao da mrzi \u017eene, nego naprotiv &#8211; da ih voli?! Posebno novinarke. A naro\u010dito one koje lako kleknu.<\/p>\n<p>Branioci lika i dela, i to ovog konkretnog dela, u odbranu uvode i krunski dokaz &#8211; da je ministar poznat po svom doma\u0107inskom odnosu prema novinarima. Evo, pa on je odmah po stupanju na du\u017enost organizovao posebnu prostoriju u kojoj novinari mogu da se osve\u017ee. Ne, nije im postavio tu\u0161-kabine niti i\u0161ta sli\u010dno, kao \u0161to biste mo\u017eda pomislili na osnovu poslednjeg incidenta, nego im je organizovao &#8211; poslu\u017eenje.<\/p>\n<p>I zasta, za\u0161to je sad jedna lascivna opaska toliki problem, a nikome nije smetao predsednikov tre\u0107i (\u201dpo srpski\u201d) poljubac koji je na silu (i na ivici me\u0111udr\u017eavnog incidenta) prilepio Hrvatskoj predsednici? To nije izazvalo ni zgra\u017eavanje ni tra\u017eenje ostavke, a \u017eena, pa jo\u0161 i predsednica, je bila i fizi\u010dki ugro\u017eena &#8211; lepo smo videli koliko ju je stisnuo za mi\u0161icu dok se otimala. A tad je bilo samo potuljenog smejuljenja (hi-hi, e nek joj je pokazao), a sad &#8211; odmah smena i ostavka!?<\/p>\n<p>Razlika je izgleda u tome \u0161to se predsednik dr\u017eave sam odbranio rekav\u0161i da je njegovo siled\u017eijsko pona\u0161anje zapravo &#8211; tradicija. U Srbiji se ljubimo tri puta i nek se otima ko ho\u0107e, ali on \u0107e raditi na o\u010duvanju i prikazivanju na\u0161ih obi\u010daja.<\/p>\n<p>Jer to kod nas prolazi. Dovoljno je da ispred sebe stavite neku od floskula kao \u0161to su \u201ddoma\u0107insko pona\u0161anje\u201d, \u201dporodi\u010dne vrednosti\u201d, \u201dtradicija\u201d, \u201dnacionalni identitet\u201d, pa da vas svi po\u0161tuju i da vas niko ne pita \u0161ta zapravo pod tim podrazumevate. A zaista, \u0161ta su ta\u010dno te porodi\u010dne vrednosti oko kojih se uzbudimo pred svaku Paradu ponosa ili pred mogu\u0107no\u0161\u0107u da bi nam neko mogao zakonom zabraniti da bijemo decu?<\/p>\n<p>Pri\u010da o porodi\u010dnim vrednostima obi\u010dno se iscrpi kod heteroseksualnog braka tako da izgleda da je najve\u0107a briga za\u0161titara te institucije &#8211; ko \u0107e onda u istopolnom braku biti glava ku\u0107e? A naro\u010dito ako su u pitanju \u017eene &#8211; pa ne\u0107e valjda \u017eena da odlu\u010duje?!<\/p>\n<p>Isto je i kad se govori o deci &#8211; cela pri\u010da o porodi\u010dnim vrednostima se vrti oko toga da li \u0107e nam ukinuti prava koja nam kao roditeljima pripadaju. Pravo na \u201dja te rodila &#8211; ja te ubila\u201d i ostala prava iz vlasni\u010dkog lista. Jer je normalno da se smatra\u0161 vlasnikom onog za \u010diju si dobrobit zadu\u017een (bila to porodica ili dr\u017eava svejedno). Pa, zaboga mi i nasilju u porodici tepamo: \u201dporodi\u010dno nasilje\u201d. Porodi\u010dno? Kao porodi\u010dni izlet, porodi\u010dna slava, porodi\u010dno okupljanje?<\/p>\n<p>I \u0161ta \u0107e biti sa svim tim vrednostima, srpskim svetinjama takore\u0107i, sad kad je \u010dak i jednom ministru zvani\u010dno uskra\u0107eno pravo da se pona\u0161a obi\u010dajno, doma\u0107inski? Evo, lepo ne znam, zatre\u0107e nas ta Evropska unija.<\/p>\n","protected":false},"excerpt":{"rendered":"<p>I \u0161ta \u0107e biti sa svim tim vrednostima, srpskim svetinjama takore\u0107i, sad kad je \u010dak i jednom ministru zvani\u010dno uskra\u0107eno pravo da se pona\u0161a obi\u010dajno, doma\u0107inski? Evo, lepo ne znam, zatre\u0107e nas ta Evropska unija.<br \/>\nPi\u0161e: Nade\u017eda Milenkovi\u0107<\/p>\n","protected":false},"author":2,"featured_media":3858,"comment_status":"closed","ping_status":"closed","sticky":false,"template":"","format":"standard","meta":{"_editorskit_title_hidden":false,"_editorskit_reading_time":0,"_editorskit_is_block_options_detached":false,"_editorskit_block_options_position":"{}","footnotes":""},"categories":[3],"tags":[],"class_list":["post-3857","post","type-post","status-publish","format-standard","has-post-thumbnail","hentry","category-columns"],"translation":{"provider":"WPGlobus","version":"3.0.2","language":"sr","enabled_languages":["sl","sr","en"],"languages":{"sl":{"title":true,"content":true,"excerpt":true},"sr":{"title":true,"content":true,"excerpt":true},"en":{"title":true,"content":true,"excerpt":true}}},"_links":{"self":[{"href":"https:\/\/dkis.si\/sr\/wp-json\/wp\/v2\/posts\/3857","targetHints":{"allow":["GET"]}}],"collection":[{"href":"https:\/\/dkis.si\/sr\/wp-json\/wp\/v2\/posts"}],"about":[{"href":"https:\/\/dkis.si\/sr\/wp-json\/wp\/v2\/types\/post"}],"author":[{"embeddable":true,"href":"https:\/\/dkis.si\/sr\/wp-json\/wp\/v2\/users\/2"}],"replies":[{"embeddable":true,"href":"https:\/\/dkis.si\/sr\/wp-json\/wp\/v2\/comments?post=3857"}],"version-history":[{"count":2,"href":"https:\/\/dkis.si\/sr\/wp-json\/wp\/v2\/posts\/3857\/revisions"}],"predecessor-version":[{"id":10499,"href":"https:\/\/dkis.si\/sr\/wp-json\/wp\/v2\/posts\/3857\/revisions\/10499"}],"wp:featuredmedia":[{"embeddable":true,"href":"https:\/\/dkis.si\/sr\/wp-json\/wp\/v2\/media\/3858"}],"wp:attachment":[{"href":"https:\/\/dkis.si\/sr\/wp-json\/wp\/v2\/media?parent=3857"}],"wp:term":[{"taxonomy":"category","embeddable":true,"href":"https:\/\/dkis.si\/sr\/wp-json\/wp\/v2\/categories?post=3857"},{"taxonomy":"post_tag","embeddable":true,"href":"https:\/\/dkis.si\/sr\/wp-json\/wp\/v2\/tags?post=3857"}],"curies":[{"name":"wp","href":"https:\/\/api.w.org\/{rel}","templated":true}]}}