{"id":3521,"date":"2015-11-16T15:04:32","date_gmt":"2015-11-16T15:04:32","guid":{"rendered":"http:\/\/dkis.si\/?p=3521"},"modified":"2023-05-18T11:59:45","modified_gmt":"2023-05-18T11:59:45","slug":"francuska-uputstvo-za-upotrebu-2015","status":"publish","type":"post","link":"https:\/\/dkis.si\/sr\/francuska-uputstvo-za-upotrebu-2015\/","title":{"rendered":"Francuska, uputstvo za upotrebu, 2015."},"content":{"rendered":"<figure id=\"attachment_3522\" aria-describedby=\"caption-attachment-3522\" style=\"width: 800px\" class=\"wp-caption aligncenter\"><a href=\"http:\/\/dkis.si\/wp-content\/uploads\/2015\/11\/Fotografije-citateljki-Slavica-Miletic-Crno-srce.jpg\"><img loading=\"lazy\" decoding=\"async\" class=\"wp-image-3522 size-full\" src=\"http:\/\/dkis.si\/wp-content\/uploads\/2015\/11\/Fotografije-citateljki-Slavica-Miletic-Crno-srce.jpg\" alt=\"Fotografije-citateljki-Slavica-Miletic-Crno-srce\" width=\"800\" height=\"450\" srcset=\"https:\/\/dkis.si\/wp-content\/uploads\/2015\/11\/Fotografije-citateljki-Slavica-Miletic-Crno-srce.jpg 800w, https:\/\/dkis.si\/wp-content\/uploads\/2015\/11\/Fotografije-citateljki-Slavica-Miletic-Crno-srce-300x169.jpg 300w, https:\/\/dkis.si\/wp-content\/uploads\/2015\/11\/Fotografije-citateljki-Slavica-Miletic-Crno-srce-768x432.jpg 768w, https:\/\/dkis.si\/wp-content\/uploads\/2015\/11\/Fotografije-citateljki-Slavica-Miletic-Crno-srce-447x251.jpg 447w, https:\/\/dkis.si\/wp-content\/uploads\/2015\/11\/Fotografije-citateljki-Slavica-Miletic-Crno-srce-206x116.jpg 206w\" sizes=\"auto, (max-width: 800px) 100vw, 800px\" \/><\/a><figcaption id=\"caption-attachment-3522\" class=\"wp-caption-text\">Slavica Mileti\u0107: Crno srce<\/figcaption><\/figure>\n<p>Pi\u0161e: <strong>Vladimir Arsenijevi\u0107<\/strong><\/p>\n<p>Stra\u0161an je bilans simultanih teroristi\u010dkih napada izvr\u0161enih no\u0107as u Parizu i Sen Deniju. Mrtvi se jo\u0161 uvek broje, ali \u017ertava ima vi\u0161e od 150. Neki od svedoka u koncertnoj dvorani <em>Bataclan<\/em> \u010duli su teroriste kako pre otvaranja vatre uzvikuju na francuskom: \u201cOvo je osveta za sve zlo koje je Hollande naneo muslimanima \u0161irom sveta!\u201d<\/p>\n<p>Trebalo je da znamo da je <em>Charlie Hebdo<\/em> bio samo <strong>uvertira u ne\u0161to mnogo gore<\/strong>.<\/p>\n<p>Pre desetak godina, izdava\u010dka ku\u0107a <em>Rende<\/em> (u kojoj sam tad radio kao urednik), u saradnji s <em>Beopolisom<\/em>, <em>Fabrikom knjiga<\/em> i tada\u0161njim Kulturnim centrom Francuske (danas Francuski Institut) organizovala je festival nove francuske knji\u017eevnosti i stripa pod nazivom \u201cFrancuska, uputstvo za upotrebu\u201d, parafraziraju\u0107i naziv \u010duvene knjige \u017dor\u017ea Pereka \u2013 \u201c\u017divot, uputstvo za upotrebu\u201d. Tada, 2006. godine, bili smo pod jakim uticajem <strong>pobune mladih imigranata druge generacije<\/strong> u predgra\u0111ima Pariza i drugih francuskih gradova. Pobuna je bila motivisana negativnom percepcijom i diskriminacijom siroma\u0161nih imigranata arapskog i subsaharskog porekla, uglavnom islamske veroispovesti, usmerena na autoritarnu policiju; njeni su glavni vinovnici bili pripadnici otu\u0111ene omladine druge generacije; automobili i radnje su goreli iz no\u0107i u no\u0107, a filmovi poput tada ve\u0107 deset godina stare \u201cMr\u017enje\u201d (\u201cLa Haine\u201d) Mathieua Kassovitza iz 1995, \u010dinilo nam se, precizno su oslikavali kompleksno stanje u francuskom dru\u0161tvu. U \u201cMr\u017enji\u201d, podsetimo se, trojica tinejd\u017eera (francuski Jevrejin, Arapin iz Magreba i afri\u010dki crnac) iz multietni\u010dkog geta na razli\u010dite na\u010dine reflektuju nasilje u kom \u017eive i koje je deo njihove svakodnevice bore\u0107i se ujedno i sa <strong>zadatim ulogama u dru\u0161tvu<\/strong> koje ne ose\u0107aju kao svoje a drugo nemaju. Ideja koju film najsna\u017enije promovi\u0161e jeste da je <strong>zajedni\u010dki ose\u0107aj geta i izolovanosti<\/strong> ja\u010di od svih partikularnih identiteta i da upravo on dr\u017ei ovu trojicu omladinaca zajedno.<\/p>\n<p>Ah, sveta naivnosti!<\/p>\n<p>U tom smislu, naravno, Uelbekov obespokojavaju\u0107i roman \u201cPokoravanje\u201d znatno bolje prikazuje stanje u francuskom dru\u0161tvu danas od \u201cMr\u017enje\u201d, koja je uprkos svom na\u010delnom pesimizmu, ispostavilo se vremenom, bila <strong>prepuna nade u jedno bizarno bolje sutra<\/strong>. Vladaju\u0107a paradigma je, tvrdi Uelbek kroz svog obezna\u0111enog protagonistu, dotrajala i izmorena, dekadentnost rezultira nedostatkom vere pa i strasti i stari svet se bez mnogo buke kr\u0161i pod talasom novog. Da Francuska potpuno legitimno, putem mehanizma slobodnih izbora, postane islamska zemlja, ispostavlja se u romanu, ne\u0107e trebati mnogo. Bi\u0107e to \u010dak jednostavnije nego \u0161to je iko mogao i da pretpostavi.<\/p>\n<div class=\"col-md-12 col-sm-12 clearfix text-center inconte\"><\/div>\n<p>Od naivnosti \u201cMr\u017enje\u201d do dekadentne distopije \u201cPokoravanja\u201d, od ludisti\u010dkog divljanja po predgra\u0111ima, do bolne preciznosti samoubila\u010dkih napada islamskih terorista \u2013 to je <strong>put koji smo pre\u0161li u prethodnih deceniju ili dve<\/strong>.<\/p>\n<p>U Francuskoj, ali i u \u010ditavom svetu grani\u010dnici koji razdvajaju identitete danas su samo dublji i vi\u0161i nego ranije. Neki, naravno, spremno ule\u0107u u postavljenu zamku. Zastupaju i <strong>brane Islam ili evropsko-hri\u0161\u0107anske vrednosti<\/strong>. Bacaju bombe, pucaju na nevine, \u0161ire teror i sami <strong>ginu u ime izmi\u0161ljenih bogova ili podi\u017eu zidove<\/strong>, glasaju za desni\u010dare, veruju u tvr\u0111avu Evropu i sveto pravo zapadnog sveta da u\u017eiva u bogatstvu na grba\u010di ostatka iscrpljene planete.<\/p>\n<p>Danas, 2015, nema vi\u0161e uzmaka od bilo kakve zadatosti.<\/p>\n<p>\u010cini se da su nas identiteti kona\u010dno nadja\u010dali.<\/p>\n<p>(Tekst je, uz dozvolu autora, preuzet sa njegovog FB profila.)<\/p>\n<p><a href=\"http:\/\/www.autonomija.info\/vladimir-arsenijevic-francuska-uputstvo-za-upotrebu-2015.html\" target=\"_blank\" rel=\"noopener\">Autonomija.info<\/a><\/p>\n<p><a href=\"http:\/\/pescanik.net\/francuska-uputstvo-za-upotrebu-2015\/\" target=\"_blank\" rel=\"noopener\">Pe\u0161\u010danik.net<\/a><\/p>\n","protected":false},"excerpt":{"rendered":"<p>Da li su nas identiteti kona\u010dno nadja\u010dali?<br \/>\nPi\u0161e: Vladimir Arsenijevi\u0107<\/p>\n","protected":false},"author":2,"featured_media":3522,"comment_status":"closed","ping_status":"closed","sticky":false,"template":"","format":"standard","meta":{"_editorskit_title_hidden":false,"_editorskit_reading_time":0,"_editorskit_is_block_options_detached":false,"_editorskit_block_options_position":"{}","footnotes":""},"categories":[211,58,65],"tags":[],"class_list":["post-3521","post","type-post","status-publish","format-standard","has-post-thumbnail","hentry","category-migration","category-news","category-journal"],"translation":{"provider":"WPGlobus","version":"3.0.2","language":"sr","enabled_languages":["sl","sr","en"],"languages":{"sl":{"title":true,"content":true,"excerpt":true},"sr":{"title":true,"content":true,"excerpt":true},"en":{"title":true,"content":true,"excerpt":true}}},"_links":{"self":[{"href":"https:\/\/dkis.si\/sr\/wp-json\/wp\/v2\/posts\/3521","targetHints":{"allow":["GET"]}}],"collection":[{"href":"https:\/\/dkis.si\/sr\/wp-json\/wp\/v2\/posts"}],"about":[{"href":"https:\/\/dkis.si\/sr\/wp-json\/wp\/v2\/types\/post"}],"author":[{"embeddable":true,"href":"https:\/\/dkis.si\/sr\/wp-json\/wp\/v2\/users\/2"}],"replies":[{"embeddable":true,"href":"https:\/\/dkis.si\/sr\/wp-json\/wp\/v2\/comments?post=3521"}],"version-history":[{"count":1,"href":"https:\/\/dkis.si\/sr\/wp-json\/wp\/v2\/posts\/3521\/revisions"}],"predecessor-version":[{"id":10165,"href":"https:\/\/dkis.si\/sr\/wp-json\/wp\/v2\/posts\/3521\/revisions\/10165"}],"wp:featuredmedia":[{"embeddable":true,"href":"https:\/\/dkis.si\/sr\/wp-json\/wp\/v2\/media\/3522"}],"wp:attachment":[{"href":"https:\/\/dkis.si\/sr\/wp-json\/wp\/v2\/media?parent=3521"}],"wp:term":[{"taxonomy":"category","embeddable":true,"href":"https:\/\/dkis.si\/sr\/wp-json\/wp\/v2\/categories?post=3521"},{"taxonomy":"post_tag","embeddable":true,"href":"https:\/\/dkis.si\/sr\/wp-json\/wp\/v2\/tags?post=3521"}],"curies":[{"name":"wp","href":"https:\/\/api.w.org\/{rel}","templated":true}]}}