{"id":3506,"date":"2015-11-11T14:14:10","date_gmt":"2015-11-11T14:14:10","guid":{"rendered":"http:\/\/dkis.si\/?p=3506"},"modified":"2023-05-18T11:59:45","modified_gmt":"2023-05-18T11:59:45","slug":"ljubljana-skozi-migrantski-objektiv","status":"publish","type":"post","link":"https:\/\/dkis.si\/sr\/ljubljana-skozi-migrantski-objektiv\/","title":{"rendered":"Ljubljana kroz migrantski objektiv"},"content":{"rendered":"<figure id=\"attachment_3507\" aria-describedby=\"caption-attachment-3507\" style=\"width: 605px\" class=\"wp-caption aligncenter\"><a href=\"http:\/\/dkis.si\/wp-content\/uploads\/2015\/11\/02-varuh-prehoda-2015.jpg\"><img loading=\"lazy\" decoding=\"async\" class=\"wp-image-3507 size-large\" src=\"http:\/\/dkis.si\/wp-content\/uploads\/2015\/11\/02-varuh-prehoda-2015-1024x768.jpg\" alt=\"OLYMPUS DIGITAL CAMERA\" width=\"605\" height=\"454\" srcset=\"https:\/\/dkis.si\/wp-content\/uploads\/2015\/11\/02-varuh-prehoda-2015-1024x768.jpg 1024w, https:\/\/dkis.si\/wp-content\/uploads\/2015\/11\/02-varuh-prehoda-2015-300x225.jpg 300w, https:\/\/dkis.si\/wp-content\/uploads\/2015\/11\/02-varuh-prehoda-2015-768x576.jpg 768w, https:\/\/dkis.si\/wp-content\/uploads\/2015\/11\/02-varuh-prehoda-2015-1536x1152.jpg 1536w, https:\/\/dkis.si\/wp-content\/uploads\/2015\/11\/02-varuh-prehoda-2015-2048x1536.jpg 2048w, https:\/\/dkis.si\/wp-content\/uploads\/2015\/11\/02-varuh-prehoda-2015-400x300.jpg 400w, https:\/\/dkis.si\/wp-content\/uploads\/2015\/11\/02-varuh-prehoda-2015-155x116.jpg 155w\" sizes=\"auto, (max-width: 605px) 100vw, 605px\" \/><\/a><figcaption id=\"caption-attachment-3507\" class=\"wp-caption-text\">Goran Jakovac, \u010cuvar prelaza<\/figcaption><\/figure>\n<p>Izlo\u017eba fotografija \u201cLjubljana kroz migrantski objektiv\u201d prikazuje slike prestonice iz ugla doseljenika. Autori kroz fotografske ilustracije svakodnevnog \u017eivota u Ljubljani posreduju svoja li\u010dna i neposredna \u017eivotna iskustva.<\/p>\n<p>Na otvaranju izlo\u017ebe razgovara\u0107emo sa autorima fotografija Sa\u0161om Hajzler, Danilom Raduljem, Goranom Jakovcem i Igorom Kupljenikom o njihovom iskustvu uklju\u010divanja u slovena\u010dko dru\u0161tvo, o razlozima zbog kojih su se odlu\u010dili da napuste domovine i presele se u Sloveniju i o svakodnevnom \u017eivotu u Ljubljani.<\/p>\n<p>U svetlu aktuelnog birokratskog razlikovanja dobrih od lo\u0161ih migranata, odnosno politi\u010dkih od ekonomskih, onih koji imaju pravo na kretanje i onih kojima se to zabranjuje, razgovara\u0107emo o tome kakav status bi trebalo da imaju akademski, kulturni ili ljubavni migranti.<\/p>\n<p>Novinarka Aleksandra Sokolovi\u0107, jedna od autorki izlo\u017eenih fotografija, predstavi\u0107e nam svoje iskustvo iz Jordana gde je provela deset dana sa sirijskim izbeglicama.<\/p>\n<p>Izlo\u017ebu poma\u017ee <a href=\"https:\/\/www.jskd.si\/\">Javni sklad Republike Slovenije za kulturne dejavnosti (JSKD)<\/a>.<\/p>\n","protected":false},"excerpt":{"rendered":"<p>Izlo\u017eba fotografija u Kultu 3000, 12. novembra u 19h<\/p>\n","protected":false},"author":2,"featured_media":3507,"comment_status":"closed","ping_status":"closed","sticky":false,"template":"","format":"standard","meta":{"_editorskit_title_hidden":false,"_editorskit_reading_time":0,"_editorskit_is_block_options_detached":false,"_editorskit_block_options_position":"{}","footnotes":""},"categories":[58],"tags":[],"class_list":["post-3506","post","type-post","status-publish","format-standard","has-post-thumbnail","hentry","category-news"],"translation":{"provider":"WPGlobus","version":"3.0.2","language":"sr","enabled_languages":["sl","sr","en"],"languages":{"sl":{"title":true,"content":true,"excerpt":true},"sr":{"title":true,"content":true,"excerpt":true},"en":{"title":true,"content":true,"excerpt":true}}},"_links":{"self":[{"href":"https:\/\/dkis.si\/sr\/wp-json\/wp\/v2\/posts\/3506","targetHints":{"allow":["GET"]}}],"collection":[{"href":"https:\/\/dkis.si\/sr\/wp-json\/wp\/v2\/posts"}],"about":[{"href":"https:\/\/dkis.si\/sr\/wp-json\/wp\/v2\/types\/post"}],"author":[{"embeddable":true,"href":"https:\/\/dkis.si\/sr\/wp-json\/wp\/v2\/users\/2"}],"replies":[{"embeddable":true,"href":"https:\/\/dkis.si\/sr\/wp-json\/wp\/v2\/comments?post=3506"}],"version-history":[{"count":1,"href":"https:\/\/dkis.si\/sr\/wp-json\/wp\/v2\/posts\/3506\/revisions"}],"predecessor-version":[{"id":10473,"href":"https:\/\/dkis.si\/sr\/wp-json\/wp\/v2\/posts\/3506\/revisions\/10473"}],"wp:featuredmedia":[{"embeddable":true,"href":"https:\/\/dkis.si\/sr\/wp-json\/wp\/v2\/media\/3507"}],"wp:attachment":[{"href":"https:\/\/dkis.si\/sr\/wp-json\/wp\/v2\/media?parent=3506"}],"wp:term":[{"taxonomy":"category","embeddable":true,"href":"https:\/\/dkis.si\/sr\/wp-json\/wp\/v2\/categories?post=3506"},{"taxonomy":"post_tag","embeddable":true,"href":"https:\/\/dkis.si\/sr\/wp-json\/wp\/v2\/tags?post=3506"}],"curies":[{"name":"wp","href":"https:\/\/api.w.org\/{rel}","templated":true}]}}