{"id":2812,"date":"2015-08-27T09:29:15","date_gmt":"2015-08-27T09:29:15","guid":{"rendered":"http:\/\/dkis.si\/?p=2812"},"modified":"2023-05-18T12:00:05","modified_gmt":"2023-05-18T12:00:05","slug":"natasa-despotovic-no-border-deca-su-spavala-u-velikim-barama-na-ledenom-betonu-bosa-bez-pokrivaca","status":"publish","type":"post","link":"https:\/\/dkis.si\/sr\/natasa-despotovic-no-border-deca-su-spavala-u-velikim-barama-na-ledenom-betonu-bosa-bez-pokrivaca\/","title":{"rendered":"Nata\u0161a Despotovi\u0107, No Border: &#8222;Deca su spavala u velikim barama, na ledenom betonu, bosa, bez pokriva\u010da&#8220;"},"content":{"rendered":"<p><a href=\"http:\/\/dkis.si\/wp-content\/uploads\/2015\/08\/slider_izbjeglice_v.jpg\"><img loading=\"lazy\" decoding=\"async\" class=\"alignnone wp-image-2813 size-full\" src=\"http:\/\/dkis.si\/wp-content\/uploads\/2015\/08\/slider_izbjeglice_v.jpg\" alt=\"slider_izbjeglice_v\" width=\"650\" height=\"375\" \/><\/a><\/p>\n<p><a href=\"http:\/\/lupiga.com\/intervjui\/tuga-u-beogradu-deca-su-spavala-u-velikim-barama-i-na-ledenom-betonu-bosa-bez-pokrivaca\" target=\"_blank\" rel=\"noopener\">Lupiga.Com<\/a><\/p>\n<p>Za njih Europa zna\u010di sigurnost, sa\u010duvanje \u017eivota, bijeg od rata. Da bi do nje do\u0161li, prvo moraju nabaviti oko 3.500 eura u ratom devastiranoj ekonomiji. Prosje\u010dna sirijska mjese\u010dna pla\u0107a u javnom sektoru s oko 350 eura s po\u010detka rata pala na dana\u0161njih 70-ak eura. Kada nabave tih 50-ak prosje\u010dnih pla\u0107a, izbjeglice moraju u\u0107i u premaleni \u010damac i nadati se da on se ne\u0107e prevrnuti zbog prekrcanosti. A onda, na kopnu, umjesto dobrodo\u0161lice, \u010deka ih &#8222;\u0161palir batinanja&#8220; raznih vrsta &#8211; policija u Gr\u010dkoj i Makedoniji ovih dana ih je rastjerivala suzavcem, \u0161ok bombama i aparatima za ga\u0161enje po\u017eara, ne mare\u0107i \u0161to me\u0111u &#8222;migrantima&#8220; &#8211; nazivom se izbjegava termin &#8222;izbjeglice&#8220; i pripadaju\u0107a mu empatija &#8211; ima male djece, beba i trudnica. Kriminalci ih plja\u010dkaju po putu, a &#8222;poduzetnici&#8220; im napla\u0107uju specijalne tarife, uglavnom legitimiraju\u0107i svoje le\u0161inarsko pona\u0161anje sljede\u0107om logikom: &#8222;Imaju oni para, nije to prava sirotinja. Ponijeli su, moraju imati pare za ovakav put&#8220;. Na ulicama te Europe obolijevaju, jer nemaju zaklon od ki\u0161e, ni adekvatnu medicinsku pomo\u0107. A te\u0161ke su ki\u0161e ovih dana padale na Beograd &#8211; stanicu na njihovom putu prema sjeveru. Ljudi su ostajali u parku kod autobusne stanice ili tra\u017eili zaklon pod obli\u017enjom gara\u017eom. U tom gradu djeluje organizacija No Border Kolektiv, koja nastoji ubla\u017eiti posljedice humanitarne krize, izmakle kontroli srpske birokracije. Razgovarali smo s njihovom Nata\u0161om Despotovi\u0107, koja navodi da sama humanitarna pomo\u0107 ne mo\u017ee rije\u0161iti ni\u0161ta, ve\u0107 samo daleko radikalniji pristup problemu.<\/p>\n<p><strong>Ovih dana je u Beogradu padala jaka ki\u0161a. Koliko se ljudi nije sna\u0161lo za smje\u0161taj, prvenstveno obitelji s malom djecom? Upravu su se zbog ki\u0161e prije ove mnoge izbjeglice razboljele, vidjeli smo na terenu da tra\u017ee pomo\u0107 u lijekovima.<\/strong><\/p>\n<p>&#8211; Tokom no\u0107i sa srede na \u010detvrtak u Beogradu je bilo dosta pljuskova i vetra. Ljudi su zaklon potra\u017eili u obli\u017enjoj gara\u017ei preko puta parka i u okolnim ulicama. Neki ljudi su ostali u \u0161atorima, a neki su ostali na ki\u0161i, jer jednostavno nisu imali gde da se sklone. Gara\u017ea u koju su se sklonili ljudi je bila prepuna vode, deca su spavala u velikim barama i na ledenom betonu, bosa, bez pokriva\u010da, bez ikakvog skloni\u0161ta od ki\u0161e, bez \u0161atora i vre\u0107a. Ljudi su bili o\u010dajni, potpuno mokri. U \u010detvrtak je bila identi\u010dna situacija. Hladno, ki\u0161a, vetar i dosta ljudi koji su potpuno pokisli, u letnjim papu\u010dama ili bosi, deca promrzla i mokra.<\/p>\n<p><iframe loading=\"lazy\" title=\"Azilanti se kriju od pljuska u Beogradu\" width=\"1266\" height=\"712\" src=\"https:\/\/www.youtube.com\/embed\/NoUk9Apdr30?feature=oembed\" frameborder=\"0\" allow=\"accelerometer; autoplay; clipboard-write; encrypted-media; gyroscope; picture-in-picture; web-share\" allowfullscreen><\/iframe><\/p>\n<p>Dozvoljeno im je da borave samo u jednom delu te gara\u017ee&#8230; Dosta ljudi je spavalo i le\u017ealo na betonu u natkrivenom delu autobuske i \u017eelezni\u010dke stanice, na otvorenom. Dolazi hladno i ki\u0161ovito vreme, dosta ljudi \u0107e biti bolesno obzirom na katastrofalne (ne)uslove u kojima borave, prepu\u0161teni samima sebi, promrzli, gladni, bez adekvatne garderobe i sme\u0161taja.<\/p>\n<p><strong>Kada govorimo o medicinskoj pomo\u0107i, jesu li ljudima koji spavaju u parku blizu autobusne stanice dovoljno poznati na\u010dini ostvarenja prava na zdravstvenu za\u0161titu ili ne, odnosno jesu li im dostupne informacije o tome gdje se mogu obratiti za pomo\u0107? Jesu li vam poznati slu\u010dajevi da im je uskra\u0107ena medicinska pomo\u0107?\u00a0<\/strong><\/p>\n<p>&#8211; No Border Kolektiv je \u0161tampao i neprekidno deli info materijal, koji sadr\u017ei dosta informacija koje su od koristi ljudima, pa tako i informacije o tome gde i kome se mogu obratiti za \u00a0pomo\u0107. Dva puta nedeljno tim Lekara bez granica je prisutan u blizini parkova i tokom dana nekoliko sati dnevno pregledaju ljude i pru\u017eaju pomo\u0107, ali oni tako\u0111e imaju ograni\u010dene kapacitete. Na terenu, dakle, osim njih, nema timova lekara koji bi na licu mesta ljudima pru\u017eali medicinsku negu, kada je u pitanju Beograd. Osim toga, ljudi su dosta upla\u0161eni. Nisu sigurni \u0161ta mogu, a \u0161ta ne, koja su njihova prava. \u010cesto se pla\u0161e da se obrate medicinskim ustanovama, jer se boje da \u0107e oni pozvati policiju i da \u0107e eventualno biti ka\u017enjeni i zatvoreni. Taj strah i nesigurnost ima svoje pokri\u0107e i nije bez osnova: ukoliko ljudi, koji se obrate za medicinsku pomo\u0107 bez papira \u0161ta dokazuje njihovu nameru za azilom, lekari su u obavezi da pozovu policiju. Nisu nam poznati konkretni slu\u010dajevi da li je i na koji na\u010din nekome uskra\u0107ena medicinska pomo\u0107, ali samim tim \u0161to ljudi nisu informisani na adekvatan jeste na\u010din uskrate te \u00a0pomo\u0107i.<\/p>\n<p><strong>U medijima je objavljeno da su policajci reketarili imigrante, no prema izjavama volontera koji im poma\u017eu, radi se o praksi koja traje koliko i ova humanitarna kriza. Kakva su va\u0161a iskustva po ovom pitanju &#8211; jeste li zaprimali sli\u010dne pritu\u017ebe?\u00a0<\/strong><\/p>\n<p>&#8211; Tokom perioda od tri godine dobijali smo \u010desto pritu\u017ebe vezane za protivzakonito uzimanje novca od izbeglica, ne samo u Srbiji i ne samo od strane policije, ve\u0107 i od strane upravnika prihvatnih centara. Svota koja se \u010desto pominje kre\u0107e se u rasponu od 10, 20 pa do 50 eura i vi\u0161e. Imali smo informacije da je upravnik Centra za prihvat azilanata u Bogova\u0111i, Stojan Sjeklo\u0107a uzimao od ljudi izme\u0111u 30 i 50 evra za ulazak u centar. Me\u0111utim, nikada se te optu\u017ebe nisu uspele dokazati, iako ih je bilo mnogo tokom du\u017eeg perioda kada je bio upravnik Centra. Tako\u0111e, u poslednje vreme \u010deste su pritu\u017ebe da im tokom putovanja od Beograda do Subotice ili od Beograda do Kanji\u017ee u prevoz ulaze policajci &#8211; po dva obi\u010dno &#8211; i tra\u017ee po 20 do 30 eura, iako imaju ve\u0107 urednu pla\u0107enu i validnu kartu za autobus ili voz. Ukoliko nemaju da plate, ljude isteruju napolje i oni su onda prinu\u0111eni da put nastave pe\u0161ice. Me\u0111utim, problem sa tim pritu\u017ebama je \u0161to bi se vrlo te\u0161ko dokazale, obzirom da ne postoji snimak ili broj zna\u010dke policajca, niti ljudi ta\u010dno znaju da nam ka\u017eu gde se to ta\u010dno dogodilo, kako bi se eventualno moglo dokazati ko je od policajaca tog momenta bio na du\u017enosti i na kojoj relaciji.<\/p>\n<p><strong>Vi\u0161e taksista nam se u Beogradu po\u017ealilo da se njihovim kolegama oduzimaju automobili, me\u0111utim ostaje nerazrije\u0161eno za\u0161to se to doga\u0111alo: zbog varanja izbeglica ili zbog pru\u017eanja usluge koja je ka\u017enjiva, tj. zbog nedozvoljenog pomaganja migrantima?\u00a0<\/strong><\/p>\n<p>&#8211; Slu\u010dajevi oduzimanja taksi vozila su se uglavnom de\u0161avala na relaciji Beograd-Subotica \u00a0ili Beograd-Kanji\u017ea dok su taksisti vozili ljude prema granici. Nije mi poznat broj takvih slu\u010dajeva. Postoji preporuka od Saveza udru\u017eenja taksista Srbije da ne prevoze izbeglice, jer mogu imati probleme. Preporuka je sama po sebi diskriminatorna i bez zakonskog osnova, jer taksisti nemaju ovla\u0161\u0107enja da legitimi\u0161u ljude i utvr\u0111uju njihov identitet. U medijima su objavljeni neki slu\u010dajevi u kojima se navodi da su taksistima zaplenjena vozila i da su im zapre\u0107ene visoke nov\u010dane kazne. Postoji \u010dlan 350a, Krivi\u010dnog zakonika Republike Srbije, koji ka\u017ee: <em>\u201cKo u nameri da sebi ili drugom pribavi kakvu korist, vr\u0161i ili organizuje transport, prebacivanje, prihvat, sme\u0161taj, skrivanje ili na drugi na\u010din omogu\u0107ava da dr\u017eavljanin Srbije la\u017enim prikazivanjem ugro\u017eenosti njegovih ljudskih prava i sloboda, u stranoj dr\u017eavi zatra\u017ei azil, kazni\u0107e se zatvorom od tri meseca do tri godine&#8230; Ako je delo iz stava 1. ovog \u010dlana u\u010dinjeno od strane grupe ili zloupotrebom ovla\u0161\u0107enja, u\u010dinilac \u0107e se kazniti zatvorom od \u0161est meseci do pet godina&#8230; Za delo iz stava 2. ovog \u010dlana organizator \u0107e se kazniti zatvorom od jedne do osam godina&#8230; Predmeti, prevozna i druga sredstva namenjena ili upotrebljena za izvr\u0161enje dela iz st. 1. do 3. ovog \u010dlana, oduze\u0107e se.\u201d<\/em><\/p>\n<p><iframe loading=\"lazy\" title=\"Vanredno stanje na granici Makedonije i Gr\u010dke\" width=\"1266\" height=\"712\" src=\"https:\/\/www.youtube.com\/embed\/S4U-ODtE_yg?feature=oembed\" frameborder=\"0\" allow=\"accelerometer; autoplay; clipboard-write; encrypted-media; gyroscope; picture-in-picture; web-share\" allowfullscreen><\/iframe><\/p>\n<p>Sa druge strane, sve vi\u0161e prijava odnosi se na same taksiste, koji ljudima napla\u0107uju ogromne svote novca za prevoz. Tako\u0111e, dosta prijava u poslednje vreme se ti\u010de pretnji od strane taksista pa \u010dak i pi\u0161toljem, ako izbeglice nemaju kod sebe svotu novca koju pojedini taksisti tra\u017ee, a koja ne odgovara realnoj ili ugovorenoj ceni. Postoje i neka svedo\u010danstva o plja\u010dkama izbeglica od strane taksista, pri\u010daju da ih izbacuju iz vozila i oduzimaju sav novac koji imaju kod sebe.<\/p>\n<p><strong>Govori se puno o tome da se oko migranata stvorila prava privredna mre\u017ea &#8211; od same dr\u017eave koja im uzima 20 eura za molbu za azil, i time ostvaruje milijunske prihode s obzirom na tisu\u0107e migranata koji tra\u017ee taj komad papira, do prodaje hrane i drugih potrep\u0161tina po izvanrednim cijenama. Kako to komentirate i koliko dr\u017eavni organi vode ra\u010duna o tim pojavama?\u00a0<\/strong><\/p>\n<p>&#8211; Papir tj. dokument o izra\u017eenoj nameri za azilom \u2013 koji se dobiva u policiji I dokazuje izra\u017eenu nameru za azilom te omogu\u0107ava 72 sata boravka na teritoriji Srbije i prihvat u prihvatnim centrima \u2013 se ne pla\u0107a. Verovatno su u pitanju slu\u010dajevi kada policijski slu\u017ebenici protivzakonito uzimaju novac za izra\u017eenu nameru za azilom. Prema Rado\u0161u \u0110urovi\u0107u iz Centra za za\u0161titu i pomo\u0107 tra\u017eiocima azila, migranti u Srbiji potro\u0161e oko 6 miliona evra dnevno i nije ta\u010dno da dr\u017eava na njih tro\u0161i 150 miliona evra. De\u0161ava se da se u pojedinim privatnim radnjama ljudima ne\u0161to napla\u0107uje vi\u0161e nego \u0161to to zaista ko\u0161ta, posebno kada su u pitanju taksi usluge ili kada se napla\u0107uje u eurima pa se ne ra\u010duna isti kurs eura kao npr. gra\u0111anima Srbije. Poznato je da na njima svi zara\u0111uju i da je u skoku promet svima \u010dija se radnje, hosteli, menja\u010dnice i sli\u010dno nalaze u blizini \u017eelezni\u010dke, autobuske stanice i centara, \u00a0parkova u kojima borave ljudi. Nije mi poznato da li je bilo prijava i da li je neka od inspekcija reagovala na prijave.<\/p>\n<p><strong>Kako ste generalno zadovoljni reakcijom sustava na ovu krizu? \u00a0<\/strong><\/p>\n<p>&#8211; Reakcija skoro da ne postoji i nije adekvatna, ve\u0107 samo prati trendove EU. Sve \u0161to se doga\u0111a je sistemska represija. \u010citava migraciona politika je sama po sebi represivna, restriktivna i rasisti\u010dka. Azilna procedura je izuzetno spora i dugotrajna, neefikasna, rad policijskih uprava je tako\u0111e nedovoljan i nedovoljno efikasan. \u010cesto se ljudi vra\u0107aju iz stanica gde im nije pru\u017eeno nikakvo obja\u0161njenje za\u0161to ne mogu dobiti papir, govori im se da do\u0111u sutradan ili da se upute u neki drugi grad. U Srbiji postoji pet centara za prihvat izbeglica, s kapacitetom do 700 ljudi, a sada sa ovim centrom u Pre\u0161evu ih ima ukupno \u0161est. To je nedovoljno. Samo u Beogradu u parkovima boravi svakodnevno izme\u0111u 500 i 800 ljudi. Ne zna se ta\u010dan broj ljudi koji boravi bez ikakvog skloni\u0161ta i medicinske nege, ali njihov broj je veliki, jer nije u pitanju samo Beograd, ve\u0107 i Subotica, Pre\u0161evo. Tokom pro\u0161le i predpro\u0161le godine to je bila Bogova\u0111a, kada je preko 300 ljudi boravilo u \u0161umama tokom \u010ditave godine, bez hrane, skloni\u0161ta i medicinske nege. Ne pominju se nikakva konkretna re\u0161enja. Sama izgradnja centara ne\u0107e ni\u0161ta promeniti, potrebno je promeniti sistem i zauzeti jasan politi\u010dki stav o slobodi kretanja, pravu boravka i ostanka u bilo kojoj zemlji. Dosada\u0161njim \u00a0pristupom se ljudi \u00a0ka\u017enjavaju samim tim \u0161to su u izbegli\u0161tvu. Tako\u0111e, potrebna je njihova hitna dekriminalizacija. Sistem ljude ilegalizuje, kriminalizuje i \u0161ta onda mo\u017eemo o\u010dekivati od njega?<\/p>\n<p>Ovo \u0161to se de\u0161ava sada u parkovima i na ulicama Beograda nije kriza koja se nije mogla predvideti i na koju se nije moglo reagovati na vreme. Odavno je poznato da se o\u010dekivao i da se tek o\u010dekuje pristizanje velikog broja ljudi, tako da je bilo sasvim dovoljno vremena za reagovanje, ali je ono izostalo.<\/p>\n<p><strong>\u0160to je, po vama, rje\u0161enje?<\/strong><\/p>\n<p>&#8211; Jednostavno, samo humanitarna vrsta pomo\u0107i ne mo\u017ee ni\u0161ta re\u0161iti. Ni\u0161ta se ne mo\u017ee promeniti bez zauzimanja ujedinjenog i jasnog politi\u010dkog stava svih ljudi, organizacija i grupa za slobodu kretanja, prava boravka i ostanka bilo gde, za svet bez granica, rasisti\u010dkih kontrola i progona ljudi koji be\u017ee od ratova, politi\u010dkog i ostalog progona. To se ne mo\u017ee promeniti bez momentalne dekriminalizacije i borbe protiv ilegalizacije ljudi, bez ukidanja sramotnog Dublina i Eurodaca, bez ukidanja pograni\u010dnih i policijskih patrola i Frontexa, Europola. Sve dok postoje i sve dok se grade aparthejdni zidovi i podi\u017eu ograde, postavljaju minska polja u nameri da potpuno onemogu\u0107e kretanje i putovanje ljudi, sve dok se ljudi budu rasno profilisali na osnovu dokumenata koje poseduju ili ne poseduju, sve dok se bude vr\u0161ila segregacija i diskriminacija, oduzimalo i grubo gazilo ljudsko dostojanstvo, sve dok se ljudski \u017eivoti budu \u017ertvovali radi \u201cbezbednosti\u201d granica i kapitala, sve dok se ljudi ne ujedine u antiimperijalisti\u010dkoj i antifa\u0161isti\u010dkoj borbi, promene ne\u0107e biti mogu\u0107e i ljudi \u0107e i dalje umirati.<\/p>\n<div><\/div>\n<p><strong>Autorka: Ana Bena\u010di\u0107<\/strong><\/p>\n<p><strong>Naslovna fotografija: Ladislav Tomi\u010di\u0107<\/strong><\/p>\n<p><strong><a href=\"http:\/\/lupiga.com\/intervjui\/tuga-u-beogradu-deca-su-spavala-u-velikim-barama-i-na-ledenom-betonu-bosa-bez-pokrivaca\" target=\"_blank\" rel=\"noopener\">Lupiga.Com<\/a><\/strong><\/p>\n<div><strong>\u00a0<\/strong><\/div>\n<div><\/div>\n","protected":false},"excerpt":{"rendered":"<p>A onda, na kopnu, umjesto dobrodo\u0161lice, \u010deka ih \u201e\u0161palir batinanja\u201c raznih vrsta \u2013 policija u Gr\u010dkoj i Makedoniji ovih dana ih je rastjerivala suzavcem, \u0161ok bombama i aparatima za ga\u0161enje po\u017eara, ne mare\u0107i \u0161to me\u0111u \u201emigrantima\u201c \u2013 nazivom se izbjegava termin \u201eizbjeglice\u201c i pripadaju\u0107a mu empatija \u2013 ima male djece, beba i trudnica.<\/p>\n","protected":false},"author":2,"featured_media":2813,"comment_status":"closed","ping_status":"closed","sticky":false,"template":"","format":"standard","meta":{"_editorskit_title_hidden":false,"_editorskit_reading_time":0,"_editorskit_is_block_options_detached":false,"_editorskit_block_options_position":"{}","footnotes":""},"categories":[211,58,65],"tags":[],"class_list":["post-2812","post","type-post","status-publish","format-standard","has-post-thumbnail","hentry","category-migration","category-news","category-journal"],"translation":{"provider":"WPGlobus","version":"3.0.2","language":"sr","enabled_languages":["sl","sr","en"],"languages":{"sl":{"title":true,"content":true,"excerpt":false},"sr":{"title":false,"content":true,"excerpt":true},"en":{"title":false,"content":true,"excerpt":false}}},"_links":{"self":[{"href":"https:\/\/dkis.si\/sr\/wp-json\/wp\/v2\/posts\/2812","targetHints":{"allow":["GET"]}}],"collection":[{"href":"https:\/\/dkis.si\/sr\/wp-json\/wp\/v2\/posts"}],"about":[{"href":"https:\/\/dkis.si\/sr\/wp-json\/wp\/v2\/types\/post"}],"author":[{"embeddable":true,"href":"https:\/\/dkis.si\/sr\/wp-json\/wp\/v2\/users\/2"}],"replies":[{"embeddable":true,"href":"https:\/\/dkis.si\/sr\/wp-json\/wp\/v2\/comments?post=2812"}],"version-history":[{"count":1,"href":"https:\/\/dkis.si\/sr\/wp-json\/wp\/v2\/posts\/2812\/revisions"}],"predecessor-version":[{"id":10171,"href":"https:\/\/dkis.si\/sr\/wp-json\/wp\/v2\/posts\/2812\/revisions\/10171"}],"wp:featuredmedia":[{"embeddable":true,"href":"https:\/\/dkis.si\/sr\/wp-json\/wp\/v2\/media\/2813"}],"wp:attachment":[{"href":"https:\/\/dkis.si\/sr\/wp-json\/wp\/v2\/media?parent=2812"}],"wp:term":[{"taxonomy":"category","embeddable":true,"href":"https:\/\/dkis.si\/sr\/wp-json\/wp\/v2\/categories?post=2812"},{"taxonomy":"post_tag","embeddable":true,"href":"https:\/\/dkis.si\/sr\/wp-json\/wp\/v2\/tags?post=2812"}],"curies":[{"name":"wp","href":"https:\/\/api.w.org\/{rel}","templated":true}]}}