{"id":12940,"date":"2025-01-29T12:27:22","date_gmt":"2025-01-29T11:27:22","guid":{"rendered":"https:\/\/dkis.si\/?p=12940"},"modified":"2025-01-29T12:27:25","modified_gmt":"2025-01-29T11:27:25","slug":"pismo-podpore-studentskim-in-drzavljanskim-protestom-v-srbiji","status":"publish","type":"post","link":"https:\/\/dkis.si\/sr\/pismo-podpore-studentskim-in-drzavljanskim-protestom-v-srbiji\/","title":{"rendered":"Pismo podr\u0161ke studentskim i gra\u0111anskim protestima u Srbiji"},"content":{"rendered":"<\/p>\n\n\n<p>Kulturni centar Danilo Ki\u0161 iz Ljubljane u potpunosti i od samog po\u010detka podr\u017eava proteste studentske zajednice u Srbiji i njihove zahteve. Svojim delovanjem se trudi da doprinese \u0161irenju glasa studenata i studentkinja iz Srbije, kao i srpskih studentskih organizacija u dijaspori, slovena\u010dkih studentskih organizacija, sindikata, nevladinih organizacija i drugih koji podr\u017eavaju studentske proteste u Srbiji.<\/p>\n\n\n\n<p>Na\u0161i saradnici i saradnice, volonteri i volonterke, simpatizeri i prijatelji neprestano tra\u017ee na\u010dine kako da pomognu i podr\u017ee srpske studente u ovom istorijskom trenutku i to aktivno \u010dine svojim prisustvom na protestima ispred Ambasade Republike Srbije, kao i donacijama i drugim vidovima podr\u0161ke.<\/p>\n\n\n\n<p>Zato \u017eelimo da bude jasno da Kulturni centar Danilo Ki\u0161 i zajednica okupljena oko ovog centra nema nikakve veze sa tekstom Saveza Srba Slovenije koji je, kao da je zvani\u010dan dokument celokupne srpske zajednice, objavljen na sajtu <a href=\"http:\/\/ljubljana.mfa.gov.rs\/lat\/\">Ambasade Republike Srbije u Ljubljani.<\/a><a><\/a><a><\/a><a><\/a><a><\/a> \u017delimo tako\u0111e da podsetimo Ambasadu Srbije da je ona ku\u0107a svih gra\u0111ana i gra\u0111anki Srbije u Sloveniji, studenata i studentkinja, radnika i radnica, privrednika i privrednica i drugih, a ne ambasada jedne politi\u010dke stranke i jedne organizacije.<\/p>\n\n\n\n<p>Uz punu podr\u0161ku studentima u Srbiji, pozivamo sve pojedince, kao i akademsku zajednicu, dr\u017eavne i privatne organizacije u Sloveniji da pomognu i podr\u017ee istorijsku borbu srpske studentske zajednice za demokratiju, slobodu i vladavinu prava u Republici Srbiji.<\/p>\n\n\n\n<p>U ovom trenutku kada besne ratovi i u Evropi i u svetu i kada se svakodnevno preti novim sukobima, u ovo vreme koje ra\u0111a strah, brigu i ose\u0107aj bespomo\u0107nosti, va\u017eno je da podr\u017eimo jedni druge i svaku kolektivnu akciju za pravedno dru\u0161tvo.<\/p>\n\n\n\n<p>Svoju konkretnu pomo\u0107 mo\u017eete uputiti studentima preko sajta https:\/\/podrzistudente.org\/&nbsp; dok za informacije o skupovima podr\u0161ke u inostranstvu predla\u017eemo <a href=\"https:\/\/www.facebook.com\/groups\/ossi.slovenija\/?locale=sl_SI\">OSSI- Organizaciju srpskih studenata u Sloveniji,<\/a> kao i <a href=\"https:\/\/www.instagram.com\/svice.dijaspora\/\">https:\/\/www.instagram.com\/svice.dijaspora\/<\/a>.&nbsp; Na na\u0161im dru\u0161tvenim mre\u017eama nastavi\u0107emo da prenosimo pozive za okupljanja u Ljubljani, kao i druge akcije podr\u0161ke studentima i studentkinjama u Srbiji.<\/p>\n\n\n\n<p><a>Kulturni centar Danilo Ki\u0161<\/a><\/p>\n\n\n\n<p>U Ljubljani, 26.1.2025.<\/p>\n\n\n<div class=\"wp-block-image\">\n<figure class=\"aligncenter size-large is-resized\"><img loading=\"lazy\" decoding=\"async\" width=\"1024\" height=\"768\" src=\"https:\/\/dkis.si\/wp-content\/uploads\/2025\/01\/protesti-1024x768.jpg\" alt=\"\" class=\"wp-image-12941\" style=\"width:1024px;height:auto\" srcset=\"https:\/\/dkis.si\/wp-content\/uploads\/2025\/01\/protesti-1024x768.jpg 1024w, https:\/\/dkis.si\/wp-content\/uploads\/2025\/01\/protesti-300x225.jpg 300w, https:\/\/dkis.si\/wp-content\/uploads\/2025\/01\/protesti-768x576.jpg 768w, https:\/\/dkis.si\/wp-content\/uploads\/2025\/01\/protesti-1536x1152.jpg 1536w, https:\/\/dkis.si\/wp-content\/uploads\/2025\/01\/protesti-400x300.jpg 400w, https:\/\/dkis.si\/wp-content\/uploads\/2025\/01\/protesti-155x116.jpg 155w, https:\/\/dkis.si\/wp-content\/uploads\/2025\/01\/protesti.jpg 2048w\" sizes=\"auto, (max-width: 1024px) 100vw, 1024px\" \/><figcaption class=\"wp-element-caption\">Protest podr\u0161ke studentima u Srbiji, Ljubljana, 25.1.2025<\/figcaption><\/figure>\n<\/div>\n\n\n<p><\/p>\n\n\n<p>","protected":false},"excerpt":{"rendered":"<p>Kulturni centar Danilo Ki\u0161 iz Ljubljane u potpunosti i od samog po\u010detka podr\u017eava proteste studentske zajednice u Srbiji i njihove zahteve. Svojim delovanjem se trudi \u2026<\/p>\n","protected":false},"author":10,"featured_media":12941,"comment_status":"closed","ping_status":"open","sticky":false,"template":"","format":"standard","meta":{"_editorskit_title_hidden":false,"_editorskit_reading_time":0,"_editorskit_is_block_options_detached":false,"_editorskit_block_options_position":"{}","footnotes":""},"categories":[58,65],"tags":[],"class_list":["post-12940","post","type-post","status-publish","format-standard","has-post-thumbnail","hentry","category-news","category-journal"],"translation":{"provider":"WPGlobus","version":"3.0.2","language":"sr","enabled_languages":["sl","sr","en"],"languages":{"sl":{"title":true,"content":true,"excerpt":false},"sr":{"title":true,"content":true,"excerpt":false},"en":{"title":false,"content":false,"excerpt":false}}},"_links":{"self":[{"href":"https:\/\/dkis.si\/sr\/wp-json\/wp\/v2\/posts\/12940","targetHints":{"allow":["GET"]}}],"collection":[{"href":"https:\/\/dkis.si\/sr\/wp-json\/wp\/v2\/posts"}],"about":[{"href":"https:\/\/dkis.si\/sr\/wp-json\/wp\/v2\/types\/post"}],"author":[{"embeddable":true,"href":"https:\/\/dkis.si\/sr\/wp-json\/wp\/v2\/users\/10"}],"replies":[{"embeddable":true,"href":"https:\/\/dkis.si\/sr\/wp-json\/wp\/v2\/comments?post=12940"}],"version-history":[{"count":16,"href":"https:\/\/dkis.si\/sr\/wp-json\/wp\/v2\/posts\/12940\/revisions"}],"predecessor-version":[{"id":12958,"href":"https:\/\/dkis.si\/sr\/wp-json\/wp\/v2\/posts\/12940\/revisions\/12958"}],"wp:featuredmedia":[{"embeddable":true,"href":"https:\/\/dkis.si\/sr\/wp-json\/wp\/v2\/media\/12941"}],"wp:attachment":[{"href":"https:\/\/dkis.si\/sr\/wp-json\/wp\/v2\/media?parent=12940"}],"wp:term":[{"taxonomy":"category","embeddable":true,"href":"https:\/\/dkis.si\/sr\/wp-json\/wp\/v2\/categories?post=12940"},{"taxonomy":"post_tag","embeddable":true,"href":"https:\/\/dkis.si\/sr\/wp-json\/wp\/v2\/tags?post=12940"}],"curies":[{"name":"wp","href":"https:\/\/api.w.org\/{rel}","templated":true}]}}