{"id":12296,"date":"2024-06-17T20:55:00","date_gmt":"2024-06-17T18:55:00","guid":{"rendered":"https:\/\/dkis.si\/?p=12296"},"modified":"2024-12-24T23:05:23","modified_gmt":"2024-12-24T22:05:23","slug":"svetlana-spalsak-na-29-slovenskih-dnevih-knjige","status":"publish","type":"post","link":"https:\/\/dkis.si\/sr\/svetlana-spalsak-na-29-slovenskih-dnevih-knjige\/","title":{"rendered":"Svetlana Spal\u0161ak na 29. Slovenskih dnevih knjige"},"content":{"rendered":"\n<p>Svetlana Slap\u0161ak, klasi\u010dna filologinja, antropologinja in pisateljica, je na 29. Slovenskih dnevih knjige na Vrtu Lili Novy Dru\u0161tva slovenskih pisateljev skupaj z literarno kriti\u010darko Aleksandro Ga\u010di\u0107 predstavila svojo novo knjigo <em>Moje ma\u010dkoljubne zgodbe<\/em>.<\/p>\n\n\n\n<p>Znova se je pridru\u017eila dogajanju na tem zelenem vrtu 9. junija 2024 ob 17. uri, kjer je na stojnici Kulturnega centra Danilo Ki\u0161 podpisovala knjige ter se dru\u017eila z bralci, obiskovalci knji\u017enega sejma in udele\u017eenci literarnega programa festivala.<\/p>\n\n\n\n<figure class=\"wp-block-gallery has-nested-images columns-default is-cropped wp-block-gallery-1 is-layout-flex wp-block-gallery-is-layout-flex\">\n<figure class=\"wp-block-image size-large\"><a href=\"https:\/\/dkis.si\/wp-content\/uploads\/2024\/11\/sdk1.jpg\"><img loading=\"lazy\" decoding=\"async\" width=\"1024\" height=\"768\" data-id=\"12297\" src=\"https:\/\/dkis.si\/wp-content\/uploads\/2024\/11\/sdk1-1024x768.jpg\" alt=\"\" class=\"wp-image-12297\" srcset=\"https:\/\/dkis.si\/wp-content\/uploads\/2024\/11\/sdk1-1024x768.jpg 1024w, https:\/\/dkis.si\/wp-content\/uploads\/2024\/11\/sdk1-300x225.jpg 300w, https:\/\/dkis.si\/wp-content\/uploads\/2024\/11\/sdk1-768x576.jpg 768w, https:\/\/dkis.si\/wp-content\/uploads\/2024\/11\/sdk1-1536x1152.jpg 1536w, https:\/\/dkis.si\/wp-content\/uploads\/2024\/11\/sdk1-400x300.jpg 400w, https:\/\/dkis.si\/wp-content\/uploads\/2024\/11\/sdk1-155x116.jpg 155w, https:\/\/dkis.si\/wp-content\/uploads\/2024\/11\/sdk1.jpg 2048w\" sizes=\"auto, (max-width: 1024px) 100vw, 1024px\" \/><\/a><\/figure>\n\n\n\n<figure class=\"wp-block-image size-large\"><a href=\"https:\/\/dkis.si\/wp-content\/uploads\/2024\/11\/sdk2.jpg\"><img loading=\"lazy\" decoding=\"async\" width=\"1024\" height=\"768\" data-id=\"12298\" src=\"https:\/\/dkis.si\/wp-content\/uploads\/2024\/11\/sdk2-1024x768.jpg\" alt=\"\" class=\"wp-image-12298\" srcset=\"https:\/\/dkis.si\/wp-content\/uploads\/2024\/11\/sdk2-1024x768.jpg 1024w, https:\/\/dkis.si\/wp-content\/uploads\/2024\/11\/sdk2-300x225.jpg 300w, https:\/\/dkis.si\/wp-content\/uploads\/2024\/11\/sdk2-768x576.jpg 768w, https:\/\/dkis.si\/wp-content\/uploads\/2024\/11\/sdk2-1536x1152.jpg 1536w, https:\/\/dkis.si\/wp-content\/uploads\/2024\/11\/sdk2-400x300.jpg 400w, https:\/\/dkis.si\/wp-content\/uploads\/2024\/11\/sdk2-155x116.jpg 155w, https:\/\/dkis.si\/wp-content\/uploads\/2024\/11\/sdk2.jpg 2048w\" sizes=\"auto, (max-width: 1024px) 100vw, 1024px\" \/><\/a><\/figure>\n\n\n\n<figure class=\"wp-block-image size-large\"><a href=\"https:\/\/dkis.si\/wp-content\/uploads\/2024\/11\/sdk3.jpg\"><img loading=\"lazy\" decoding=\"async\" width=\"1024\" height=\"768\" data-id=\"12299\" src=\"https:\/\/dkis.si\/wp-content\/uploads\/2024\/11\/sdk3-1024x768.jpg\" alt=\"\" class=\"wp-image-12299\" srcset=\"https:\/\/dkis.si\/wp-content\/uploads\/2024\/11\/sdk3-1024x768.jpg 1024w, https:\/\/dkis.si\/wp-content\/uploads\/2024\/11\/sdk3-300x225.jpg 300w, https:\/\/dkis.si\/wp-content\/uploads\/2024\/11\/sdk3-768x576.jpg 768w, https:\/\/dkis.si\/wp-content\/uploads\/2024\/11\/sdk3-1536x1152.jpg 1536w, https:\/\/dkis.si\/wp-content\/uploads\/2024\/11\/sdk3-400x300.jpg 400w, https:\/\/dkis.si\/wp-content\/uploads\/2024\/11\/sdk3-155x116.jpg 155w, https:\/\/dkis.si\/wp-content\/uploads\/2024\/11\/sdk3.jpg 2048w\" sizes=\"auto, (max-width: 1024px) 100vw, 1024px\" \/><\/a><\/figure>\n<\/figure>\n","protected":false},"excerpt":{"rendered":"<p>Pogovor Svetlane Slap\u0161ek in Aleksandre Ga\u010di\u0107 na 29. Slovenskih dnevih knjige o knjigi &#8222;Moje ma\u010dkoljubne zgodbe&#8220;<\/p>\n","protected":false},"author":10,"featured_media":12300,"comment_status":"closed","ping_status":"open","sticky":false,"template":"","format":"standard","meta":{"_editorskit_title_hidden":false,"_editorskit_reading_time":0,"_editorskit_is_block_options_detached":false,"_editorskit_block_options_position":"{}","footnotes":""},"categories":[210,58,217,65],"tags":[],"class_list":["post-12296","post","type-post","status-publish","format-standard","has-post-thumbnail","hentry","category-events","category-news","category-project-events","category-journal"],"translation":{"provider":"WPGlobus","version":"3.0.2","language":"sr","enabled_languages":["sl","sr","en"],"languages":{"sl":{"title":true,"content":true,"excerpt":true},"sr":{"title":false,"content":false,"excerpt":false},"en":{"title":false,"content":false,"excerpt":false}}},"_links":{"self":[{"href":"https:\/\/dkis.si\/sr\/wp-json\/wp\/v2\/posts\/12296","targetHints":{"allow":["GET"]}}],"collection":[{"href":"https:\/\/dkis.si\/sr\/wp-json\/wp\/v2\/posts"}],"about":[{"href":"https:\/\/dkis.si\/sr\/wp-json\/wp\/v2\/types\/post"}],"author":[{"embeddable":true,"href":"https:\/\/dkis.si\/sr\/wp-json\/wp\/v2\/users\/10"}],"replies":[{"embeddable":true,"href":"https:\/\/dkis.si\/sr\/wp-json\/wp\/v2\/comments?post=12296"}],"version-history":[{"count":2,"href":"https:\/\/dkis.si\/sr\/wp-json\/wp\/v2\/posts\/12296\/revisions"}],"predecessor-version":[{"id":12585,"href":"https:\/\/dkis.si\/sr\/wp-json\/wp\/v2\/posts\/12296\/revisions\/12585"}],"wp:featuredmedia":[{"embeddable":true,"href":"https:\/\/dkis.si\/sr\/wp-json\/wp\/v2\/media\/12300"}],"wp:attachment":[{"href":"https:\/\/dkis.si\/sr\/wp-json\/wp\/v2\/media?parent=12296"}],"wp:term":[{"taxonomy":"category","embeddable":true,"href":"https:\/\/dkis.si\/sr\/wp-json\/wp\/v2\/categories?post=12296"},{"taxonomy":"post_tag","embeddable":true,"href":"https:\/\/dkis.si\/sr\/wp-json\/wp\/v2\/tags?post=12296"}],"curies":[{"name":"wp","href":"https:\/\/api.w.org\/{rel}","templated":true}]}}