{"id":849,"date":"2012-02-22T08:54:00","date_gmt":"2012-02-22T07:54:00","guid":{"rendered":"http:\/\/dkis.si\/?p=849"},"modified":"2023-08-30T03:40:43","modified_gmt":"2023-08-30T01:40:43","slug":"tretja-obletnica-skc-danilo-kis","status":"publish","type":"post","link":"https:\/\/dkis.si\/en\/tretja-obletnica-skc-danilo-kis\/","title":{"rendered":"Second anniversary of SKC &#8220;Danilo Ki\u0161&#8221;"},"content":{"rendered":"<p>22.2.2012, ISH, Knafelj`s passage 11, Ljubljana<\/p>\n<h5><strong>Sa\u0161a \u0106iri\u0107 i Sa\u0161a Ili\u0107<\/strong><\/h5>\n<h4>Rebellion mind \u2013 new Serbian critical thought and literature<\/h4>\n<figure style=\"width: 610px\" class=\"wp-caption aligncenter\"><img loading=\"lazy\" decoding=\"async\" src=\"http:\/\/dkis.si\/wp-content\/uploads\/2015\/04\/DSCN0671-1024x768.jpg\" alt=\"DSCN0671\" width=\"610\" height=\"457\" \/><figcaption class=\"wp-caption-text\">Photo: From SKCDK archives<\/figcaption><\/figure>\n<p>On the birthday of Danilo Ki\u0161, 22 February, Serbian Cultural Center \u201cDanilo Ki\u0161\u201d from Ljubljana for the third time organizes the event where we present new, challenging, spirited and creative appearances of the geographic and cultural areas in which Danilo Kis worked.<\/p>\n<p>This year we invited Sasa \u0106iri\u0107 and Sa\u0161a Ili\u0107, writers, critics, cultural workers, who have been published, individualy and both together an impressive number of books, publications, periodicals and e-editions. Among other things, the authors of Beton, subdatasheet of daily Danas and standalone e-edition, where in past few years ridicule, criticize and parody production of nationalism in Serbia.<\/p>\n<p>Sa\u0161a Ili\u0107 is the author of two highly praised novel, The Berlin window (2005) and Fall of Colombia (2010). In 2011. Sa\u0161a \u0106iri\u0107 with associates from Serbia and Kosovo, is one of the authors of comparative anthology of recent Serbian and Albanian literature in two books, From Pristina with love, and Nga Belgrade, dashuri me: in the introduction to the first book, he and Jeton Neziraj signed by the joint text \u201cCorrespondence traitor\u201d. Sasa and Sasa are the leaders of the international project Criticize this! that restores almost lost genre of literary and art criticism.<\/p>\n<p>Sa\u0161a \u0106iri\u0107 and Sa\u0161a Ili\u0107 presented their work and discussed with the order. prof. Svetlana Slap\u0161ak, as well as with the audience.<\/p>\n<p>&nbsp;<\/p>\n<div id='gallery-1' class='gallery galleryid-849 gallery-columns-3 gallery-size-thumbnail'><figure class='gallery-item'>\n\t\t\t<div class='gallery-icon landscape'>\n\t\t\t\t<a href='https:\/\/dkis.si\/en\/dscn0653\/'><img loading=\"lazy\" decoding=\"async\" width=\"150\" height=\"150\" src=\"https:\/\/dkis.si\/wp-content\/uploads\/2015\/05\/DSCN0653-150x150.jpg\" class=\"attachment-thumbnail size-thumbnail\" alt=\"\" \/><\/a>\n\t\t\t<\/div><\/figure><figure class='gallery-item'>\n\t\t\t<div class='gallery-icon landscape'>\n\t\t\t\t<a href='https:\/\/dkis.si\/en\/dscn0655\/'><img loading=\"lazy\" decoding=\"async\" width=\"150\" height=\"150\" src=\"https:\/\/dkis.si\/wp-content\/uploads\/2015\/05\/DSCN0655-150x150.jpg\" class=\"attachment-thumbnail size-thumbnail\" alt=\"\" \/><\/a>\n\t\t\t<\/div><\/figure><figure class='gallery-item'>\n\t\t\t<div class='gallery-icon landscape'>\n\t\t\t\t<a href='https:\/\/dkis.si\/en\/dscn0656\/'><img loading=\"lazy\" decoding=\"async\" width=\"150\" height=\"150\" src=\"https:\/\/dkis.si\/wp-content\/uploads\/2015\/05\/DSCN0656-150x150.jpg\" class=\"attachment-thumbnail size-thumbnail\" alt=\"\" \/><\/a>\n\t\t\t<\/div><\/figure><figure class='gallery-item'>\n\t\t\t<div class='gallery-icon landscape'>\n\t\t\t\t<a href='https:\/\/dkis.si\/en\/dscn0657\/'><img loading=\"lazy\" decoding=\"async\" width=\"150\" height=\"150\" src=\"https:\/\/dkis.si\/wp-content\/uploads\/2015\/05\/DSCN0657-150x150.jpg\" class=\"attachment-thumbnail size-thumbnail\" alt=\"\" \/><\/a>\n\t\t\t<\/div><\/figure><figure class='gallery-item'>\n\t\t\t<div class='gallery-icon portrait'>\n\t\t\t\t<a href='https:\/\/dkis.si\/en\/dscn0658\/'><img loading=\"lazy\" decoding=\"async\" width=\"150\" height=\"150\" src=\"https:\/\/dkis.si\/wp-content\/uploads\/2015\/05\/DSCN0658-150x150.jpg\" class=\"attachment-thumbnail size-thumbnail\" alt=\"\" \/><\/a>\n\t\t\t<\/div><\/figure><figure class='gallery-item'>\n\t\t\t<div class='gallery-icon landscape'>\n\t\t\t\t<a href='https:\/\/dkis.si\/en\/dscn0660\/'><img loading=\"lazy\" decoding=\"async\" width=\"150\" height=\"150\" src=\"https:\/\/dkis.si\/wp-content\/uploads\/2015\/05\/DSCN0660-150x150.jpg\" class=\"attachment-thumbnail size-thumbnail\" alt=\"\" \/><\/a>\n\t\t\t<\/div><\/figure><figure class='gallery-item'>\n\t\t\t<div class='gallery-icon portrait'>\n\t\t\t\t<a href='https:\/\/dkis.si\/en\/dscn0664\/'><img loading=\"lazy\" decoding=\"async\" width=\"150\" height=\"150\" src=\"https:\/\/dkis.si\/wp-content\/uploads\/2015\/05\/DSCN0664-150x150.jpg\" class=\"attachment-thumbnail size-thumbnail\" alt=\"\" \/><\/a>\n\t\t\t<\/div><\/figure><figure class='gallery-item'>\n\t\t\t<div class='gallery-icon portrait'>\n\t\t\t\t<a href='https:\/\/dkis.si\/en\/dscn0666\/'><img loading=\"lazy\" decoding=\"async\" width=\"150\" height=\"150\" src=\"https:\/\/dkis.si\/wp-content\/uploads\/2015\/05\/DSCN0666-150x150.jpg\" class=\"attachment-thumbnail size-thumbnail\" alt=\"\" \/><\/a>\n\t\t\t<\/div><\/figure><figure class='gallery-item'>\n\t\t\t<div class='gallery-icon landscape'>\n\t\t\t\t<a href='https:\/\/dkis.si\/en\/dsc00324\/'><img loading=\"lazy\" decoding=\"async\" width=\"150\" height=\"150\" src=\"https:\/\/dkis.si\/wp-content\/uploads\/2015\/05\/DSC00324-150x150.jpg\" class=\"attachment-thumbnail size-thumbnail\" alt=\"\" \/><\/a>\n\t\t\t<\/div><\/figure><figure class='gallery-item'>\n\t\t\t<div class='gallery-icon landscape'>\n\t\t\t\t<a href='https:\/\/dkis.si\/en\/dsc00332\/'><img loading=\"lazy\" decoding=\"async\" width=\"150\" height=\"150\" src=\"https:\/\/dkis.si\/wp-content\/uploads\/2015\/05\/DSC00332-150x150.jpg\" class=\"attachment-thumbnail size-thumbnail\" alt=\"\" \/><\/a>\n\t\t\t<\/div><\/figure>\n\t\t<\/div>\n\n","protected":false},"excerpt":{"rendered":"<p>22.2.2012, ISH, Knafelj`s passage 11, Ljubljana<\/p>\n<p>Sa\u0161a \u0106iri\u0107 i Sa\u0161a Ili\u0107<\/p>\n<p>Rebellion mind \u2013 new Serbian critical thought and literature <\/p>\n","protected":false},"author":2,"featured_media":9069,"comment_status":"closed","ping_status":"closed","sticky":false,"template":"","format":"standard","meta":{"_editorskit_title_hidden":false,"_editorskit_reading_time":0,"_editorskit_is_block_options_detached":false,"_editorskit_block_options_position":"{}","footnotes":""},"categories":[210,218],"tags":[],"class_list":["post-849","post","type-post","status-publish","format-standard","has-post-thumbnail","hentry","category-events","category-anniversaries-events"],"translation":{"provider":"WPGlobus","version":"3.0.2","language":"en","enabled_languages":["sl","sr","en"],"languages":{"sl":{"title":true,"content":true,"excerpt":true},"sr":{"title":true,"content":true,"excerpt":true},"en":{"title":true,"content":true,"excerpt":true}}},"_links":{"self":[{"href":"https:\/\/dkis.si\/en\/wp-json\/wp\/v2\/posts\/849","targetHints":{"allow":["GET"]}}],"collection":[{"href":"https:\/\/dkis.si\/en\/wp-json\/wp\/v2\/posts"}],"about":[{"href":"https:\/\/dkis.si\/en\/wp-json\/wp\/v2\/types\/post"}],"author":[{"embeddable":true,"href":"https:\/\/dkis.si\/en\/wp-json\/wp\/v2\/users\/2"}],"replies":[{"embeddable":true,"href":"https:\/\/dkis.si\/en\/wp-json\/wp\/v2\/comments?post=849"}],"version-history":[{"count":2,"href":"https:\/\/dkis.si\/en\/wp-json\/wp\/v2\/posts\/849\/revisions"}],"predecessor-version":[{"id":11214,"href":"https:\/\/dkis.si\/en\/wp-json\/wp\/v2\/posts\/849\/revisions\/11214"}],"wp:featuredmedia":[{"embeddable":true,"href":"https:\/\/dkis.si\/en\/wp-json\/wp\/v2\/media\/9069"}],"wp:attachment":[{"href":"https:\/\/dkis.si\/en\/wp-json\/wp\/v2\/media?parent=849"}],"wp:term":[{"taxonomy":"category","embeddable":true,"href":"https:\/\/dkis.si\/en\/wp-json\/wp\/v2\/categories?post=849"},{"taxonomy":"post_tag","embeddable":true,"href":"https:\/\/dkis.si\/en\/wp-json\/wp\/v2\/tags?post=849"}],"curies":[{"name":"wp","href":"https:\/\/api.w.org\/{rel}","templated":true}]}}