{"id":8354,"date":"2019-12-12T10:40:32","date_gmt":"2019-12-12T10:40:32","guid":{"rendered":"https:\/\/dkis.si\/?p=8354"},"modified":"2023-05-18T11:57:01","modified_gmt":"2023-05-18T11:57:01","slug":"kralj-cacka-prvi-put-u-sloveniji","status":"publish","type":"post","link":"https:\/\/dkis.si\/en\/kralj-cacka-prvi-put-u-sloveniji\/","title":{"rendered":"Kralj \u010ca\u010dka (The King of \u010ca\u010dak) for the First Time in Slovenia"},"content":{"rendered":"\n<figure class=\"wp-block-image\"><img decoding=\"async\" src=\"https:\/\/dkis.si\/wp-content\/uploads\/2019\/12\/FoTO-Kralj-\u010ca\u010dka-1024x576.jpg\" alt=\"Foto: Sr\u0111an Pablo Doro\u0161ki\" class=\"wp-image-8356\"\/><figcaption> Photo: Sr\u0111an Pablo Doro\u0161ki  <\/figcaption><\/figure>\n\n\n\n<p>\u201c The King has arrived on the rock scene by a dangerous highway &#8211; over crossroads and through byways &#8211; with a guitar over his shoulder, like a hero from the good old movies. He brought wise, beautiful and bitter songs, in which honesty and authenticity sharply defy the depravities of this time.\u201d This is how the Belgrade rock and roll veteran \u017dikica Simi\u0107 described the music of The King of \u010ca\u010dak, which represents a mix of blues, jazz, rock and roll and French chansons. <\/p>\n\n\n\n<p>The\nKing of \u010ca\u010dak won the &#8220;Strune od svetla&#8221; award for 2017 which is\ngiven for special contribution to the affirmation of\npoetic word\/poetry in rock and blues music, and his second album \u201cSpusti\nsvetlost na put\u201d was chosen for The Best Album of the Year by the listeners of\nRadio 202, in competition with Elektri\u010dni orgazam and Bajaga. He published a\ncollection of poetry &#8220;Na margini&#8221; (Lom), as well as two albums &#8211; &#8220;Zemlja snova&#8221; (2016) and &#8220;Spusti\nsvetost na put&#8221; (2018). In the last three years The King of \u010ca\u010dak has played at major\nfestivals in the country and in the region: Exit,\nArsenal, Ferragosto Jam, Mountain Music Fest, Arlemm, NS Koncert godine, SOMUS,\nBeer Fest&#8230;but\nalso as a special guest of Darko Rundek in front of more than 10000 viewers in Ta\u0161majdan.\n<\/p>\n\n\n\n<p>There\nis no dilemma for the visitors of his concerts: The King of \u010ca\u010dak is the\nuncrowned ruler of music which is difficult to categorize. His inspiration lies\nin what represents a perfect hiding-place for many people: between the deepest\nemotions and the art of music-making, between a night in a smoky bar and the\nmorning that changes everything, between the music of wandering minstrels and\ndelicate jazz melodies. From that hiding-place, The King of \u010ca\u010dak comes out to\nthe main street and takes us with him to the trip around the world. <\/p>\n\n\n\n<p>The\nKing of \u010ca\u010dak will play in Slovenia for the first time, in Menza pri koritu, in\nLjubljana on 19 December 2019 at 9.30 pm. <\/p>\n\n\n\n<p>The concert is organized within the framework of the operation <a href=\"https:\/\/namrezi.si\/\">#MINORITIESONLINE<\/a>, which is co-funded by the Republic of Slovenia and the EU from The European Social Fund. <\/p>\n\n\n\n<p>***<\/p>\n\n\n\n<p>LINKS\n<\/p>\n\n\n\n<p>Mama kupi mi propeler (live): <a href=\"https:\/\/www.youtube.com\/watch?v=5D2Tb6MFAAM\">https:\/\/www.youtube.com\/watch?v=5D2Tb6MFAAM<\/a><\/p>\n\n\n\n<p>Spusti svetlost na put: <a href=\"https:\/\/www.youtube.com\/watch?v=Xv7fThs84NM\">https:\/\/www.youtube.com\/watch?v=Xv7fThs84NM<\/a><\/p>\n\n\n\n<p>Zemlja snova: <a href=\"https:\/\/www.youtube.com\/watch?v=qHGuRajuNOw\">https:\/\/www.youtube.com\/watch?v=qHGuRajuNOw<\/a>\n<\/p>\n\n\n\n<p>U\u017eivo Studio 6: <a href=\"https:\/\/www.youtube.com\/watch?v=YebCpnnhriY%20%20\">https:\/\/www.youtube.com\/watch?v=YebCpnnhriY<\/a><\/p>\n\n\n\n<p>Bandcamp: <a href=\"https:\/\/popdepression.bandcamp.com\">https:\/\/popdepression.bandcamp.com<\/a><\/p>\n\n\n\n<p>Deezer:<a href=\"%20https:\/www.deezer.com\/us\/album\/80324882\">\nhttps:\/\/www.deezer.com\/us\/album\/80324882<\/a> <\/p>\n\n\n\n<p><a href=\"http:\/\/www.kraljcacka.rs\">http:\/\/www.kraljcacka.rs<\/a><\/p>\n","protected":false},"excerpt":{"rendered":"<p>The King of \u010ca\u010dak will play in Slovenia for the first time, in Menza pri koritu, in Ljubljana on 19 December 2019 at 9.30 pm. <\/p>\n","protected":false},"author":2,"featured_media":8356,"comment_status":"closed","ping_status":"closed","sticky":false,"template":"","format":"standard","meta":{"_editorskit_title_hidden":false,"_editorskit_reading_time":0,"_editorskit_is_block_options_detached":false,"_editorskit_block_options_position":"{}","footnotes":""},"categories":[210],"tags":[],"class_list":["post-8354","post","type-post","status-publish","format-standard","has-post-thumbnail","hentry","category-events"],"translation":{"provider":"WPGlobus","version":"3.0.2","language":"en","enabled_languages":["sl","sr","en"],"languages":{"sl":{"title":true,"content":true,"excerpt":true},"sr":{"title":true,"content":true,"excerpt":true},"en":{"title":true,"content":true,"excerpt":true}}},"_links":{"self":[{"href":"https:\/\/dkis.si\/en\/wp-json\/wp\/v2\/posts\/8354","targetHints":{"allow":["GET"]}}],"collection":[{"href":"https:\/\/dkis.si\/en\/wp-json\/wp\/v2\/posts"}],"about":[{"href":"https:\/\/dkis.si\/en\/wp-json\/wp\/v2\/types\/post"}],"author":[{"embeddable":true,"href":"https:\/\/dkis.si\/en\/wp-json\/wp\/v2\/users\/2"}],"replies":[{"embeddable":true,"href":"https:\/\/dkis.si\/en\/wp-json\/wp\/v2\/comments?post=8354"}],"version-history":[{"count":1,"href":"https:\/\/dkis.si\/en\/wp-json\/wp\/v2\/posts\/8354\/revisions"}],"predecessor-version":[{"id":10071,"href":"https:\/\/dkis.si\/en\/wp-json\/wp\/v2\/posts\/8354\/revisions\/10071"}],"wp:featuredmedia":[{"embeddable":true,"href":"https:\/\/dkis.si\/en\/wp-json\/wp\/v2\/media\/8356"}],"wp:attachment":[{"href":"https:\/\/dkis.si\/en\/wp-json\/wp\/v2\/media?parent=8354"}],"wp:term":[{"taxonomy":"category","embeddable":true,"href":"https:\/\/dkis.si\/en\/wp-json\/wp\/v2\/categories?post=8354"},{"taxonomy":"post_tag","embeddable":true,"href":"https:\/\/dkis.si\/en\/wp-json\/wp\/v2\/tags?post=8354"}],"curies":[{"name":"wp","href":"https:\/\/api.w.org\/{rel}","templated":true}]}}