{"id":7230,"date":"2017-03-02T15:27:28","date_gmt":"2017-03-02T15:27:28","guid":{"rendered":"http:\/\/dkis.si\/?p=7230"},"modified":"2023-05-18T11:57:49","modified_gmt":"2023-05-18T11:57:49","slug":"novinarska-mreza-osuduje-napad-na-ekipu-a1-u-skoplju-poziva-na-solidarnost-sa-kolegama-u-makedoniji","status":"publish","type":"post","link":"https:\/\/dkis.si\/en\/novinarska-mreza-osuduje-napad-na-ekipu-a1-u-skoplju-poziva-na-solidarnost-sa-kolegama-u-makedoniji\/","title":{"rendered":"Novinarska mre\u017ea osu\u0111uje napad na ekipu A1 u Skoplju i poziva na solidarnost sa kolegama u Makedoniji"},"content":{"rendered":"<figure id=\"attachment_7231\" aria-describedby=\"caption-attachment-7231\" style=\"width: 650px\" class=\"wp-caption aligncenter\"><a href=\"http:\/\/dkis.si\/wp-content\/uploads\/2017\/03\/slider_screen.jpg\"><img loading=\"lazy\" decoding=\"async\" class=\"wp-image-7231 size-full\" src=\"http:\/\/dkis.si\/wp-content\/uploads\/2017\/03\/slider_screen.jpg\" alt=\"slider_screen\" width=\"650\" height=\"375\" srcset=\"https:\/\/dkis.si\/wp-content\/uploads\/2017\/03\/slider_screen.jpg 650w, https:\/\/dkis.si\/wp-content\/uploads\/2017\/03\/slider_screen-300x173.jpg 300w, https:\/\/dkis.si\/wp-content\/uploads\/2017\/03\/slider_screen-447x258.jpg 447w, https:\/\/dkis.si\/wp-content\/uploads\/2017\/03\/slider_screen-201x116.jpg 201w\" sizes=\"auto, (max-width: 650px) 100vw, 650px\" \/><\/a><figcaption id=\"caption-attachment-7231\" class=\"wp-caption-text\"><a href=\"http:\/\/lupiga.com\/vijesti\/preko-stotinu-novinara-iz-regije-za-kolege-u-makedoniji-solidarno-uz-novinarke-koje-tuku-hapse-prisluskuju\">Foto: Lupiga.com<\/a><\/figcaption><\/figure>\n<p>Regionalna neformalna inicijativa <strong>Novinarska mre\u017ea<\/strong> najo\u0161trije osu\u0111uje fizi\u010dki napad na ekipu makedonskog<strong> portala A1 u Skoplju<\/strong> i zahteva o\u0161tru i brzu reakciju dr\u017eave, efikasno policijsko i sudsko procesuiranje, kao i adekvatnu reakciju me\u0111unarodne zajednice i me\u0111unarodnih organizacija.<\/p>\n<p>U\u010desnici nacionalisti\u010dkog protesta pod nazivom &#8220;Za ujedinjenu Makedoniju&#8221; nasrnuli su na ekipu portala A1 i novinarima naneli fizi\u010dke povrede. Novinari su prevezeni u Urgentni centar, gde im je ukazana medicinska pomo\u0107.<\/p>\n<p>Podse\u0107amo da je medijska situacija u Makedoniji sve lo\u0161ija, da su na\u0161e kolege koje profesionalno obavljaju svoj posao izlo\u017eene konstantnim pretnjama i pritiscima i ugro\u017een im je fizi\u010dki i profesionalni integritet.<\/p>\n<p>Makedonija je iz godine u godinu sve ni\u017ee na skali medijskih sloboda, a 2016. u izve\u0161taju organizacije Freedom House o slobodi medija, iz grupe delimi\u010dno slobodnih svrstana je u grupu neslobodnih zemalja.<\/p>\n<p>Me\u0111u razlozima ovog pada su obelodanjivanje masovnog i nelegalnog prislu\u0161kivanja novinara koje je sprovodila Vlada, korupciona\u0161ke veze izme\u0111u funkcionera i vlasnika medija, kao i pove\u0107an broj pretnji i napada na medijske radnike.<\/p>\n<p>Novinarska mre\u017ea solidarno stoji uz svoje kolege sa A1 i ostalih nezavisnih medija u Makedoniji, a pozivamo, zajedno sa dole potpisanim kolegama i druge novinare i javne li\u010dnosti iz regiona da osude ovaj incident.<\/p>\n<p>Boris De\u017eulovi\u0107 (Hrvatska)<br \/>\nVuka\u0161in Obradovi\u0107 (Srbija)<br \/>\nShkelqim Hysenaj (Kosovo)<br \/>\nBorjan Jovanovski (Makedonija)<br \/>\nBoro Konti\u0107 (BiH)<br \/>\nOlivera Slavni\u0107 (Crna Gora)<br \/>\nBrankica Petkovi\u0107 (Slovenija)<br \/>\nJeta Xharra (Kosovo)<br \/>\nTamara Skrozza (Srbija)<br \/>\nEldin Had\u017eovi\u0107 (BiH)<br \/>\nPetra Lesjak Tu\u0161ek (Slovenija)<br \/>\nSa\u0161a \u0106iri\u0107 (Srbija)<br \/>\nBoris Paveli\u0107 (Hrvatska)<br \/>\nJadranka Kostova (Makedonija)<br \/>\nUna Hajdari (Kosovo)<br \/>\nMatej Zwitter (Slovenija)<br \/>\nEldin Kari\u0107 (BiH)<br \/>\nLadislav Tomi\u010di\u0107 (Hrvatska)<br \/>\nSloba Georgiev (Srbija)<br \/>\nImer Mushkolaj (Kosovo)<br \/>\nAna Bena\u010di\u0107 (Hrvatska)<br \/>\nNedim Sejdinovi\u0107 (Srbija)<br \/>\nIgor Spai\u0107 (BiH)<br \/>\nErjon\u00eb Popova (Kosovo)<br \/>\nNorbert \u0160inkovi\u0107 (Srbija)<br \/>\nPredrag Luci\u0107 (Hrvatska)<br \/>\nSyzana Firza \u2013 Puka (Kosovo)<br \/>\nAco Kambramov (Makedonija)<br \/>\nMiodrag Sovilj (Srbija)<br \/>\nLum Ademi (Kosovo)<br \/>\nLura Limani (Kosovo)<br \/>\nAleksandar Trifunovi\u0107 (BiH)<br \/>\nAlbulena Sadiku (Kosovo)<br \/>\nElvir Padalovi\u0107 (BiH)<br \/>\nPetar Vidov (Hrvatska)<br \/>\nBekim\u00a0 Muhaxheri (Kosovo)<br \/>\nSanja Kljaji\u0107 (Srbija)<br \/>\nAleksandar Manasiev (Makedonija)<br \/>\n\u0160pela Stare (Slovenija)<br \/>\nNaser Sertolli (Kosovo)<br \/>\nBojan Cveji\u0107 (Srbija)<br \/>\nVisar Prebreza (Kosovo)<br \/>\nPaulina Nushi (Kosovo)<br \/>\nBranka Dragovi\u0107 Savi\u0107 (Srbija)<br \/>\n\u0110or\u0111e Kraji\u0161nik (BiH)<br \/>\nAmire Qamili (Kosovo)<br \/>\nMarina Radenkovi\u0107 (Srbija)<br \/>\nKushtrim Kadriu (Kosovo)<br \/>\nLarisa Rankovi\u0107 (Srbija)<br \/>\nMaria Cheresheva (Bugarska)<br \/>\nAdelina Ahmeti (Kosovo)<br \/>\nNatalija Ostoji\u0107 (Srbija)<br \/>\nElvira M. Jahi\u0107 (BiH)<br \/>\nAna Brakus (Hrvatska)<br \/>\nKaltrina Hoxha (Kosovo)<br \/>\nAstrit \u00a0Perani (Kosovo)<br \/>\nDu\u0161an Komar\u010devi\u0107 (Srbija)<br \/>\nVanessa \u010cokl (Slovenija)<br \/>\nJeton Ispahiu (Kosovo)<br \/>\nAtanas Kirovski (Makedonija)<br \/>\nIva Martinovi\u0107 (Srbija)<br \/>\nArian Hyseni (Kosovo)<br \/>\nTamara Opa\u010di\u0107 (Hrvatska)<br \/>\nGordana Andri\u0107 (Srbija)<br \/>\nLawrence Marzouk (UK)<br \/>\nArbana Xharra (Kosovo)<br \/>\nMaja \u017divanovi\u0107 (Srbija)<br \/>\nZoran Andonovski (Makedonija)<br \/>\nKaltrina Rexhepi Dragusha (Kosovo)<br \/>\nDragana \u017darkovi\u0107 Obradovi\u0107 (Srbija)<br \/>\nMa\u0161enjka Ba\u010di\u0107 (Hrvatska)<br \/>\nJeton Ispahiu (Kosovo)<br \/>\nIlir Ga\u0161i (Srbija)<br \/>\nArian Hyseni (Kosovo)<br \/>\nEma Krsti\u0107 (Srbija)<br \/>\nAstrit \u00a0Perani (Kosovo)<br \/>\nDamir Kundi\u0107 (Hrvatska)<br \/>\nErmal Gashi (Kosovo)<br \/>\nDanka Derifaj (Hrvatska)<br \/>\nP\u00ebrparim Isufi (Kosovo)<br \/>\nMaja Jovanovska (Makedonija)<br \/>\nPredrag Blagojevi\u0107 (Srbija)<br \/>\nSa\u0161a Kosanovi\u0107 (Hrvatska)<br \/>\nDeniz Sllovinja (Kosovo)<br \/>\nJelena Veljkovi\u0107 (Srbija)<br \/>\nJerko Bakotin (Hrvatska)<br \/>\nArben Qirezi (Kosovo)<br \/>\nJovana Gligorijevi\u0107 (Srbija)<br \/>\nDurim\u00a0 Shala (Kosovo)<br \/>\nIlko \u0106imi\u0107 (Hrvatska)<br \/>\nMladen Cadikovski (Makedonija)<br \/>\nValdet Salihi (Kosovo)<br \/>\nLada Vu\u010denovi\u0107 (Srbija)<br \/>\nMarian Chiriac (Rumunija)<br \/>\nDoruntina Baliu (Kosovo)<br \/>\nKalina Simi\u0107 (Srbija)<br \/>\nHrvoje \u0160imi\u010devi\u0107 (Hrvatska)<br \/>\nNid\u017eara Ahmeta\u0161evi\u0107 (BiH)<br \/>\nMladen Veloji\u0107 (Srbija)<br \/>\nPlator Gashi (Kosovo)<br \/>\nAna Novakovi\u0107 (Srbija)<br \/>\nShkodran Nik\u00e7i (Kosovo)<br \/>\nBranko Gerovski (Makedonija)<br \/>\nMilo\u0161 \u017divanovi\u0107 (Srbija)<br \/>\nBiljana \u017diki\u0107 (Slovenija)<br \/>\nBiljana Sekulovska (Makedonija)<br \/>\nAleksandar \u0110or\u0111evi\u0107 (Srbija)<br \/>\nIvor Fuka (Hrvatska)<br \/>\nFaith Joell Bailey (Kosovo)<br \/>\nDragana Sretenovi\u0107 (Srbija)<br \/>\nPetar Subotin (Srbija)<br \/>\nPetrit Kryeziu (Kosovo)<br \/>\nTanja Maksi\u0107 (Srbija)<br \/>\nDavor Konjiku\u0161i\u0107 (Hrvatska)<br \/>\nIvan Angelovski (Srbija)<br \/>\nNaim Krasniqi (Kosovo)<br \/>\nHilma Unki\u0107 (BiH)<br \/>\nAnamari Repi\u0107 (Kosovo)<br \/>\nMaja Nikoli\u0107 (Srbija)<br \/>\nSa\u0161ka Cvetkovska (Makedonija)<br \/>\nNaser Fejza (Kosovo)<br \/>\nDu\u0161ica Tomovi\u0107 (Crna Gora)<br \/>\nKreshnik \u00a0Gashi (Kosovo)<br \/>\nSanja Sovrli\u0107 (Kosovo)<br \/>\n\u017darka Radoja (Srbija)<br \/>\nJelena Svir\u010di\u0107 (Hrvatska)<br \/>\nPreparim Isufi (Kosovo)<br \/>\nNatalija Zaba (Srbija)<br \/>\nMelisa Skender (Hrvatska)<br \/>\nQ\u00ebndres\u00eb Mustafa (Kosovo)<br \/>\nGordana Igri\u0107 (Srbija)<br \/>\nPredrag Petrovi\u0107 (Makedonija)<br \/>\nGoran Borkovi\u0107 (Hrvatska)<br \/>\nJelena \u0106osi\u0107 (Srbija)<br \/>\nJernej Kalu\u017ea (Slovenija)<br \/>\nSidki Ibrahimi (Kosovo)<br \/>\nNata\u0161a \u0160kari\u010di\u0107 (Hrvatska)<br \/>\nZana Cimili (Kosovo)<br \/>\nMilica Bogdanovi\u0107 (Crna Gora)<br \/>\nSelvedin Avdi\u0107 (BiH)<br \/>\nDinko Gruhonji\u0107 (Srbija)<br \/>\nViktor Ivan\u010di\u0107 (Hrvatska)<\/p>\n","protected":false},"excerpt":{"rendered":"<p>U\u010desnici nacionalisti\u010dkog protesta pod nazivom &#8220;Za ujedinjenu Makedoniju&#8221; nasrnuli su na ekipu portala A1 i novinarima naneli fizi\u010dke povrede. Novinari su prevezeni u Urgentni centar, gde im je ukazana medicinska pomo\u0107.<\/p>\n","protected":false},"author":2,"featured_media":7231,"comment_status":"closed","ping_status":"closed","sticky":false,"template":"","format":"standard","meta":{"_editorskit_title_hidden":false,"_editorskit_reading_time":0,"_editorskit_is_block_options_detached":false,"_editorskit_block_options_position":"{}","footnotes":""},"categories":[58],"tags":[],"class_list":["post-7230","post","type-post","status-publish","format-standard","has-post-thumbnail","hentry","category-news"],"translation":{"provider":"WPGlobus","version":"3.0.2","language":"en","enabled_languages":["sl","sr","en"],"languages":{"sl":{"title":true,"content":true,"excerpt":true},"sr":{"title":false,"content":false,"excerpt":false},"en":{"title":false,"content":false,"excerpt":false}}},"_links":{"self":[{"href":"https:\/\/dkis.si\/en\/wp-json\/wp\/v2\/posts\/7230","targetHints":{"allow":["GET"]}}],"collection":[{"href":"https:\/\/dkis.si\/en\/wp-json\/wp\/v2\/posts"}],"about":[{"href":"https:\/\/dkis.si\/en\/wp-json\/wp\/v2\/types\/post"}],"author":[{"embeddable":true,"href":"https:\/\/dkis.si\/en\/wp-json\/wp\/v2\/users\/2"}],"replies":[{"embeddable":true,"href":"https:\/\/dkis.si\/en\/wp-json\/wp\/v2\/comments?post=7230"}],"version-history":[{"count":1,"href":"https:\/\/dkis.si\/en\/wp-json\/wp\/v2\/posts\/7230\/revisions"}],"predecessor-version":[{"id":10437,"href":"https:\/\/dkis.si\/en\/wp-json\/wp\/v2\/posts\/7230\/revisions\/10437"}],"wp:featuredmedia":[{"embeddable":true,"href":"https:\/\/dkis.si\/en\/wp-json\/wp\/v2\/media\/7231"}],"wp:attachment":[{"href":"https:\/\/dkis.si\/en\/wp-json\/wp\/v2\/media?parent=7230"}],"wp:term":[{"taxonomy":"category","embeddable":true,"href":"https:\/\/dkis.si\/en\/wp-json\/wp\/v2\/categories?post=7230"},{"taxonomy":"post_tag","embeddable":true,"href":"https:\/\/dkis.si\/en\/wp-json\/wp\/v2\/tags?post=7230"}],"curies":[{"name":"wp","href":"https:\/\/api.w.org\/{rel}","templated":true}]}}