{"id":4119,"date":"2015-12-18T14:54:20","date_gmt":"2015-12-18T14:54:20","guid":{"rendered":"http:\/\/dkis.si\/?p=4119"},"modified":"2023-05-18T11:59:43","modified_gmt":"2023-05-18T11:59:43","slug":"dr-biljana-zikic-mediji-manjinskih-zajednica-moraju-biti-deo-vecinskog-medijskog-prostora","status":"publish","type":"post","link":"https:\/\/dkis.si\/en\/dr-biljana-zikic-mediji-manjinskih-zajednica-moraju-biti-deo-vecinskog-medijskog-prostora\/","title":{"rendered":"Dr Biljana \u017diki\u0107 : Minority media must be a part of the majority media space"},"content":{"rendered":"<p>Available in <a href=\"http:\/\/dkis.si\/sl\/dr-biljana-zikic-mediji-manjinskih-zajednica-moraju-biti-deo-vecinskog-medijskog-prostora\/\">Slovenian language<\/a>.<\/p>\n","protected":false},"excerpt":{"rendered":"<p>The editor and host of The Flight Control, the only radio show in the Serbian language in Slovenia  and the editor of the  http:\/\/www.dkis.si\/ portal, Biljana \u017diki\u0107, PhD in media studies, from the SCC Danilo Ki\u0161 speaks about the minority media role, issues and funding mechanisms. <\/p>\n","protected":false},"author":2,"featured_media":4123,"comment_status":"closed","ping_status":"closed","sticky":false,"template":"","format":"standard","meta":{"_editorskit_title_hidden":false,"_editorskit_reading_time":0,"_editorskit_is_block_options_detached":false,"_editorskit_block_options_position":"{}","footnotes":""},"categories":[11],"tags":[],"class_list":["post-4119","post","type-post","status-publish","format-standard","has-post-thumbnail","hentry","category-media-about-us"],"translation":{"provider":"WPGlobus","version":"3.0.2","language":"en","enabled_languages":["sl","sr","en"],"languages":{"sl":{"title":true,"content":true,"excerpt":true},"sr":{"title":true,"content":true,"excerpt":true},"en":{"title":true,"content":true,"excerpt":true}}},"_links":{"self":[{"href":"https:\/\/dkis.si\/en\/wp-json\/wp\/v2\/posts\/4119","targetHints":{"allow":["GET"]}}],"collection":[{"href":"https:\/\/dkis.si\/en\/wp-json\/wp\/v2\/posts"}],"about":[{"href":"https:\/\/dkis.si\/en\/wp-json\/wp\/v2\/types\/post"}],"author":[{"embeddable":true,"href":"https:\/\/dkis.si\/en\/wp-json\/wp\/v2\/users\/2"}],"replies":[{"embeddable":true,"href":"https:\/\/dkis.si\/en\/wp-json\/wp\/v2\/comments?post=4119"}],"version-history":[{"count":1,"href":"https:\/\/dkis.si\/en\/wp-json\/wp\/v2\/posts\/4119\/revisions"}],"predecessor-version":[{"id":10136,"href":"https:\/\/dkis.si\/en\/wp-json\/wp\/v2\/posts\/4119\/revisions\/10136"}],"wp:featuredmedia":[{"embeddable":true,"href":"https:\/\/dkis.si\/en\/wp-json\/wp\/v2\/media\/4123"}],"wp:attachment":[{"href":"https:\/\/dkis.si\/en\/wp-json\/wp\/v2\/media?parent=4119"}],"wp:term":[{"taxonomy":"category","embeddable":true,"href":"https:\/\/dkis.si\/en\/wp-json\/wp\/v2\/categories?post=4119"},{"taxonomy":"post_tag","embeddable":true,"href":"https:\/\/dkis.si\/en\/wp-json\/wp\/v2\/tags?post=4119"}],"curies":[{"name":"wp","href":"https:\/\/api.w.org\/{rel}","templated":true}]}}